{"id":4176,"date":"2018-11-20T09:19:49","date_gmt":"2018-11-20T08:19:49","guid":{"rendered":"http:\/\/agora.xtec.cat\/escolalavilapalamos\/?p=4176"},"modified":"2018-11-26T16:17:44","modified_gmt":"2018-11-26T15:17:44","slug":"els-drets-dels-infants","status":"publish","type":"post","link":"https:\/\/agora.xtec.cat\/escolalavilapalamos\/general\/els-drets-dels-infants\/","title":{"rendered":"Els drets dels infants"},"content":{"rendered":"<h6><a href=\"https:\/\/agora.xtec.cat\/escolalavilapalamos\/wp-content\/uploads\/usu897\/2018\/11\/1447956504.jpg.jpg\"><img loading=\"lazy\" decoding=\"async\" class=\" wp-image-4200 alignright\" src=\"https:\/\/agora.xtec.cat\/escolalavilapalamos\/wp-content\/uploads\/usu897\/2018\/11\/1447956504.jpg.jpg\" alt=\"\" width=\"270\" height=\"253\" srcset=\"https:\/\/agora.xtec.cat\/escolalavilapalamos\/wp-content\/uploads\/usu897\/2018\/11\/1447956504.jpg.jpg 500w, https:\/\/agora.xtec.cat\/escolalavilapalamos\/wp-content\/uploads\/usu897\/2018\/11\/1447956504.jpg-300x281.jpg 300w\" sizes=\"auto, (max-width: 270px) 100vw, 270px\" \/><\/a>Reporters la Vila<\/h6>\n<p>El dia 20 de novembre \u00e9s el\u00a0<a href=\"https:\/\/ca.wikipedia.org\/wiki\/Dia_de_la_Inf%C3%A0ncia\">Dia Universal dels Drets de l\u2019Infant<\/a>. Aquesta data commemora l\u2019aprovaci\u00f3 del\u00a0<strong>Tractat Internacional que a l\u2019any 1989 va establir els drets fonamentals de tots els infants<\/strong>, conegut amb el nom de\u00a0<a href=\"http:\/\/w3.bcn.es\/fitxers\/dretscivils\/annexe16.convencidelsdretsdelsinfants.546.pdf\">Convenci\u00f3 sobre els Drets de l\u2019Infant<\/a>.<\/p>\n<p>L&#8217; escola ha participat en la programaci\u00f3 especial de R\u00e0dio Palam\u00f3s amb motiu del Dia universal dels Drets de l&#8217;Inf\u00e0ncia. <a href=\"https:\/\/www.palamoscomunicacio.cat\/web\/audio.php?idAudio=1010282231\">Escolta-ho aqu\u00ed<\/a><\/p>\n<p><a href=\"https:\/\/jocdelsdrets.gencat.cat\/\">Juga amb les activitats dels drets<\/a><\/p>\n<p><iframe loading=\"lazy\" src=\"\/\/www.youtube.com\/embed\/ZImlus9eEHs\" width=\"560\" height=\"314\" allowfullscreen=\"allowfullscreen\"><\/iframe><\/p>\n","protected":false},"excerpt":{"rendered":"<p><a href=\"https:\/\/agora.xtec.cat\/escolalavilapalamos\/wp-content\/uploads\/usu897\/2018\/11\/1447956504.jpg.jpg\"><\/a>Reporters la Vila<br \/>\nEl dia 20 de novembre \u00e9s el\u00a0<a href=\"https:\/\/ca.wikipedia.org\/wiki\/Dia_de_la_Inf%C3%A0ncia\">Dia Universal dels Drets de l\u2019Infant<\/a>. Aquesta data commemora l\u2019aprovaci\u00f3 del\u00a0Tractat Internacional que a l\u2019any 1989 va establir els drets fonamentals de tots els infants, conegut amb el nom de\u00a0<a href=\"http:\/\/w3.bcn.es\/fitxers\/dretscivils\/annexe16.convencidelsdretsdelsinfants.546.pdf\">Convenci\u00f3 sobre els Drets de&hellip;  <a href=\"https:\/\/agora.xtec.cat\/escolalavilapalamos\/general\/els-drets-dels-infants\/\" title=\"Read Els drets dels infants\">Llegeix m\u00e9s\u00bb<\/a><\/p>\n","protected":false},"author":171,"featured_media":4200,"comment_status":"open","ping_status":"closed","sticky":false,"template":"","format":"standard","meta":{"_bbp_topic_count":0,"_bbp_reply_count":0,"_bbp_total_topic_count":0,"_bbp_total_reply_count":0,"_bbp_voice_count":0,"_bbp_anonymous_reply_count":0,"_bbp_topic_count_hidden":0,"_bbp_reply_count_hidden":0,"_bbp_forum_subforum_count":0,"footnotes":""},"categories":[1,4,5],"tags":[],"class_list":["post-4176","post","type-post","status-publish","format-standard","has-post-thumbnail","hentry","category-general","category-portada","category-primaria"],"post_mailing_queue_ids":[],"_links":{"self":[{"href":"https:\/\/agora.xtec.cat\/escolalavilapalamos\/wp-json\/wp\/v2\/posts\/4176","targetHints":{"allow":["GET"]}}],"collection":[{"href":"https:\/\/agora.xtec.cat\/escolalavilapalamos\/wp-json\/wp\/v2\/posts"}],"about":[{"href":"https:\/\/agora.xtec.cat\/escolalavilapalamos\/wp-json\/wp\/v2\/types\/post"}],"author":[{"embeddable":true,"href":"https:\/\/agora.xtec.cat\/escolalavilapalamos\/wp-json\/wp\/v2\/users\/171"}],"replies":[{"embeddable":true,"href":"https:\/\/agora.xtec.cat\/escolalavilapalamos\/wp-json\/wp\/v2\/comments?post=4176"}],"version-history":[{"count":4,"href":"https:\/\/agora.xtec.cat\/escolalavilapalamos\/wp-json\/wp\/v2\/posts\/4176\/revisions"}],"predecessor-version":[{"id":4204,"href":"https:\/\/agora.xtec.cat\/escolalavilapalamos\/wp-json\/wp\/v2\/posts\/4176\/revisions\/4204"}],"wp:featuredmedia":[{"embeddable":true,"href":"https:\/\/agora.xtec.cat\/escolalavilapalamos\/wp-json\/wp\/v2\/media\/4200"}],"wp:attachment":[{"href":"https:\/\/agora.xtec.cat\/escolalavilapalamos\/wp-json\/wp\/v2\/media?parent=4176"}],"wp:term":[{"taxonomy":"category","embeddable":true,"href":"https:\/\/agora.xtec.cat\/escolalavilapalamos\/wp-json\/wp\/v2\/categories?post=4176"},{"taxonomy":"post_tag","embeddable":true,"href":"https:\/\/agora.xtec.cat\/escolalavilapalamos\/wp-json\/wp\/v2\/tags?post=4176"}],"curies":[{"name":"wp","href":"https:\/\/api.w.org\/{rel}","templated":true}]}}