{"id":4096,"date":"2018-11-14T09:24:08","date_gmt":"2018-11-14T08:24:08","guid":{"rendered":"http:\/\/agora.xtec.cat\/escolalavilapalamos\/?p=4096"},"modified":"2018-11-15T10:09:34","modified_gmt":"2018-11-15T09:09:34","slug":"entrevista-a-la-lourdes","status":"publish","type":"post","link":"https:\/\/agora.xtec.cat\/escolalavilapalamos\/general\/entrevista-a-la-lourdes\/","title":{"rendered":"Entrevista a la Lourdes, mestra de m\u00fasica"},"content":{"rendered":"<p><img loading=\"lazy\" decoding=\"async\" class=\"alignleft\" src=\"https:\/\/agora.xtec.cat\/escolalavilapalamos\/wp-content\/uploads\/usu897\/2018\/11\/P1210932-50.jpg\" alt=\"\" width=\"334\" height=\"250\" \/><\/p>\n<h6>\u00a0<strong>Reporters La Vila<\/strong><\/h6>\n<p><strong>Avui els reporters de l&#8217;Escola La Vila entrevistem a la Lourdes Valls, mestra de m\u00fasica de La Vila des de fa una colla d&#8217;anys.<\/strong><\/p>\n<p><strong>\u00b7 Quan fa que ets mestra?:<\/strong><\/p>\n<ul>\n<li>Aquest any he complert 20 anys.<\/li>\n<\/ul>\n<p><strong>\u00b7 Per qu\u00e8 vas escollir fer m\u00fasica?<\/strong><\/p>\n<p>-Vaig comen\u00e7ar als 12 anys, i quan vaig tenir les filles vaig descobrir que m&#8217;agradava ensenyar i la m\u00fasica tamb\u00e9 m&#8217;encantava, i ho vaig combinar tot fent-me professora.<\/p>\n<p><strong>\u00b7 Quin \u00e9s el teu instrument preferit? <\/strong>-La guitarra i el viol\u00ed.<\/p>\n<p><strong>\u00b7 A qui t&#8217;agrada ensenyar m\u00e9s a grans o a petits?<\/strong><br \/>\n&#8211; Vaig\u00a0 comen\u00e7ar amb els grans per\u00f2 vaig descobrir que m&#8217;agradaven els dos, \u00e9s molt diferent. He\u00a0 canviat la meva manera d&#8217;ensenyar amb 20 anys, ara m&#8217;agrada molt i s\u00f3c m\u00e9s feli\u00e7.<\/p>\n<p><a href=\"https:\/\/aprendomusica.com\/aprendreMusica.htm\">Activitats i jocs per aprendre i practicar el llenguatge m\u00fasical<\/a><\/p>\n\r\n\t<div class=\"slideshow_container slideshow_container_style-light\" style=\"height: 300px; \" data-slideshow-id=\"4130\" data-style-name=\"style-light\" data-style-version=\"2.3.1\" >\r\n\r\n\t\t\t\t\t<div class=\"slideshow_loading_icon\"><\/div>\r\n\t\t\r\n\t\t<div class=\"slideshow_content\" style=\"display: none;\">\r\n\r\n\t\t\t<div class=\"slideshow_view\">\r\n\t\t\t\t<div class=\"slideshow_slide slideshow_slide_image\">\r\n\t\t\t\t\t\t\t\t\t\t\t<img src=\"https:\/\/agora.xtec.cat\/escolalavilapalamos\/wp-content\/uploads\/usu897\/2018\/11\/P1210930-50.jpg\" alt=\"P1210930 [50%]\" width=\"1824\" height=\"1368\" \/>\r\n\t\t\t\t\t\t\t\t\t\t<div class=\"slideshow_description_box slideshow_transparent\">\r\n\t\t\t\t\t\t<div class=\"slideshow_title\">P1210930 [50%]<\/div>\t\t\t\t\t\t\t\t\t\t\t<\/div>\r\n\t\t\t\t<\/div>\r\n\r\n\t\t\t\t\t\t<div style=\"clear: both;\"><\/div><\/div><div class=\"slideshow_view\">\r\n\t\t\t\t<div class=\"slideshow_slide slideshow_slide_image\">\r\n\t\t\t\t\t\t\t\t\t\t\t<img src=\"https:\/\/agora.xtec.cat\/escolalavilapalamos\/wp-content\/uploads\/usu897\/2018\/11\/P1210932-50-1.jpg\" alt=\"P1210932 [50%]\" width=\"1824\" height=\"1368\" \/>\r\n\t\t\t\t\t\t\t\t\t\t<div class=\"slideshow_description_box slideshow_transparent\">\r\n\t\t\t\t\t\t<div class=\"slideshow_title\">P1210932 [50%]<\/div>\t\t\t\t\t\t\t\t\t\t\t<\/div>\r\n\t\t\t\t<\/div>\r\n\r\n\t\t\t\t\t\t<div style=\"clear: both;\"><\/div><\/div><div class=\"slideshow_view\">\r\n\t\t\t\t<div class=\"slideshow_slide slideshow_slide_image\">\r\n\t\t\t\t\t\t\t\t\t\t\t<img src=\"https:\/\/agora.xtec.cat\/escolalavilapalamos\/wp-content\/uploads\/usu897\/2018\/11\/P1210934-50.jpg\" alt=\"P1210934 [50%]\" width=\"1824\" height=\"1368\" \/>\r\n\t\t\t\t\t\t\t\t\t\t<div class=\"slideshow_description_box slideshow_transparent\">\r\n\t\t\t\t\t\t<div class=\"slideshow_title\">P1210934 [50%]<\/div>\t\t\t\t\t\t\t\t\t\t\t<\/div>\r\n\t\t\t\t<\/div>\r\n\r\n\t\t\t\t\t\t<div style=\"clear: both;\"><\/div><\/div><div class=\"slideshow_view\">\r\n\t\t\t\t<div class=\"slideshow_slide slideshow_slide_image\">\r\n\t\t\t\t\t\t\t\t\t\t\t<img src=\"https:\/\/agora.xtec.cat\/escolalavilapalamos\/wp-content\/uploads\/usu897\/2018\/11\/P1210929-50.jpg\" alt=\"P1210929 [50%]\" width=\"1824\" height=\"1368\" \/>\r\n\t\t\t\t\t\t\t\t\t\t<div class=\"slideshow_description_box slideshow_transparent\">\r\n\t\t\t\t\t\t<div class=\"slideshow_title\">P1210929 [50%]<\/div>\t\t\t\t\t\t\t\t\t\t\t<\/div>\r\n\t\t\t\t<\/div>\r\n\r\n\t\t\t\t\t\t<div style=\"clear: both;\"><\/div><\/div><div class=\"slideshow_view\">\r\n\t\t\t\t<div class=\"slideshow_slide slideshow_slide_image\">\r\n\t\t\t\t\t\t\t\t\t\t\t<img src=\"https:\/\/agora.xtec.cat\/escolalavilapalamos\/wp-content\/uploads\/usu897\/2018\/11\/P1210935-50.jpg\" alt=\"P1210935 [50%]\" width=\"1824\" height=\"1368\" \/>\r\n\t\t\t\t\t\t\t\t\t\t<div class=\"slideshow_description_box slideshow_transparent\">\r\n\t\t\t\t\t\t<div class=\"slideshow_title\">P1210935 [50%]<\/div>\t\t\t\t\t\t\t\t\t\t\t<\/div>\r\n\t\t\t\t<\/div>\r\n\r\n\t\t\t\t\t\t<div style=\"clear: both;\"><\/div><\/div>\r\n\t\t<\/div>\r\n\r\n\t\t<div class=\"slideshow_controlPanel slideshow_transparent\" style=\"display: none;\"><ul><li class=\"slideshow_togglePlay\" data-play-text=\"Visualitza\" data-pause-text=\"Pausa\"><\/li><\/ul><\/div>\r\n\r\n\t\t<div class=\"slideshow_button slideshow_previous slideshow_transparent\" role=\"button\" data-previous-text=\"Anterior\" style=\"display: none;\"><\/div>\r\n\t\t<div class=\"slideshow_button slideshow_next slideshow_transparent\" role=\"button\" data-next-text=\"Seg\u00fcent\" style=\"display: none;\"><\/div>\r\n\r\n\t\t<div class=\"slideshow_pagination\" style=\"display: none;\" data-go-to-text=\"V\u00e9s a la diapositiva\"><div class=\"slideshow_pagination_center\"><\/div><\/div>\r\n\r\n\t\t<!-- WordPress Slideshow Version 2.3.1 -->\r\n\r\n\t\t\t<\/div>\r\n\r\n\n<p>&nbsp;<\/p>\n<p>&nbsp;<\/p>\n<p>&nbsp;<\/p>\n<p>&nbsp;<\/p>\n","protected":false},"excerpt":{"rendered":"<p>\u00a0Reporters La Vila<br \/>\nAvui els reporters de l&#8217;Escola La Vila entrevistem a la Lourdes Valls, mestra de m\u00fasica de La Vila des de fa una colla d&#8217;anys.<br \/>\n\u00b7 Quan fa que ets mestra?:<\/p>\n<ul>\n<li>Aquest any he complert 20 anys.<\/li>\n<\/ul>\n<p>\u00b7 Per qu\u00e8 vas escollir fer m\u00fasica?<br \/>\n-Vaig comen\u00e7ar als 12&hellip;  <a href=\"https:\/\/agora.xtec.cat\/escolalavilapalamos\/general\/entrevista-a-la-lourdes\/\" title=\"Read Entrevista a la Lourdes, mestra de m\u00fasica\">Llegeix m\u00e9s\u00bb<\/a><\/p>\n","protected":false},"author":171,"featured_media":4148,"comment_status":"open","ping_status":"closed","sticky":false,"template":"","format":"standard","meta":{"_bbp_topic_count":0,"_bbp_reply_count":0,"_bbp_total_topic_count":0,"_bbp_total_reply_count":0,"_bbp_voice_count":0,"_bbp_anonymous_reply_count":0,"_bbp_topic_count_hidden":0,"_bbp_reply_count_hidden":0,"_bbp_forum_subforum_count":0,"footnotes":""},"categories":[1,68,4],"tags":[],"class_list":["post-4096","post","type-post","status-publish","format-standard","has-post-thumbnail","hentry","category-general","category-musica","category-portada"],"post_mailing_queue_ids":[],"_links":{"self":[{"href":"https:\/\/agora.xtec.cat\/escolalavilapalamos\/wp-json\/wp\/v2\/posts\/4096","targetHints":{"allow":["GET"]}}],"collection":[{"href":"https:\/\/agora.xtec.cat\/escolalavilapalamos\/wp-json\/wp\/v2\/posts"}],"about":[{"href":"https:\/\/agora.xtec.cat\/escolalavilapalamos\/wp-json\/wp\/v2\/types\/post"}],"author":[{"embeddable":true,"href":"https:\/\/agora.xtec.cat\/escolalavilapalamos\/wp-json\/wp\/v2\/users\/171"}],"replies":[{"embeddable":true,"href":"https:\/\/agora.xtec.cat\/escolalavilapalamos\/wp-json\/wp\/v2\/comments?post=4096"}],"version-history":[{"count":5,"href":"https:\/\/agora.xtec.cat\/escolalavilapalamos\/wp-json\/wp\/v2\/posts\/4096\/revisions"}],"predecessor-version":[{"id":4170,"href":"https:\/\/agora.xtec.cat\/escolalavilapalamos\/wp-json\/wp\/v2\/posts\/4096\/revisions\/4170"}],"wp:featuredmedia":[{"embeddable":true,"href":"https:\/\/agora.xtec.cat\/escolalavilapalamos\/wp-json\/wp\/v2\/media\/4148"}],"wp:attachment":[{"href":"https:\/\/agora.xtec.cat\/escolalavilapalamos\/wp-json\/wp\/v2\/media?parent=4096"}],"wp:term":[{"taxonomy":"category","embeddable":true,"href":"https:\/\/agora.xtec.cat\/escolalavilapalamos\/wp-json\/wp\/v2\/categories?post=4096"},{"taxonomy":"post_tag","embeddable":true,"href":"https:\/\/agora.xtec.cat\/escolalavilapalamos\/wp-json\/wp\/v2\/tags?post=4096"}],"curies":[{"name":"wp","href":"https:\/\/api.w.org\/{rel}","templated":true}]}}