{"id":4081,"date":"2018-11-12T10:18:22","date_gmt":"2018-11-12T09:18:22","guid":{"rendered":"http:\/\/agora.xtec.cat\/escolalavilapalamos\/?p=4081"},"modified":"2018-11-22T12:55:52","modified_gmt":"2018-11-22T11:55:52","slug":"anem-a-la-gorga-a-veure-teatre-2","status":"publish","type":"post","link":"https:\/\/agora.xtec.cat\/escolalavilapalamos\/general\/anem-a-la-gorga-a-veure-teatre-2\/","title":{"rendered":"Anem a La Gorga a veure Teatre"},"content":{"rendered":"<p>Aquesta i la propera setmana els nens i nenes de Prim\u00e0ria anem al <strong>Teatre La Gorga<\/strong>.<\/p>\n<p><strong><a href=\"https:\/\/agora.xtec.cat\/escolalavilapalamos\/wp-content\/uploads\/usu897\/2018\/11\/CARTEL_2017TEATRE-BARCELONA-el-vestit-pop-de-l-emperador-390x560.png\"><img loading=\"lazy\" decoding=\"async\" class=\"wp-image-4083 alignleft\" src=\"https:\/\/agora.xtec.cat\/escolalavilapalamos\/wp-content\/uploads\/usu897\/2018\/11\/CARTEL_2017TEATRE-BARCELONA-el-vestit-pop-de-l-emperador-390x560.png\" alt=\"\" width=\"277\" height=\"398\" srcset=\"https:\/\/agora.xtec.cat\/escolalavilapalamos\/wp-content\/uploads\/usu897\/2018\/11\/CARTEL_2017TEATRE-BARCELONA-el-vestit-pop-de-l-emperador-390x560.png 390w, https:\/\/agora.xtec.cat\/escolalavilapalamos\/wp-content\/uploads\/usu897\/2018\/11\/CARTEL_2017TEATRE-BARCELONA-el-vestit-pop-de-l-emperador-390x560-209x300.png 209w\" sizes=\"auto, (max-width: 277px) 100vw, 277px\" \/><\/a>Dimarts 13 de novembre<\/strong> al mat\u00ed, els nens i nenes de 5\u00e8 i 6\u00e8 anem a veure l&#8217;obra <em><strong>El Comte Arnau <\/strong><\/em>de la Cia. Teatre de l&#8217;Aurora. <a href=\"https:\/\/youtu.be\/y1X6fsOkXPI\">Podeu veure una mostra de l&#8217;espectacle clicant l&#8217;enlla\u00e7<\/a>. <a href=\"https:\/\/drive.google.com\/file\/d\/1rh0YAR7Mo9dF1OEN61Iik22J_eaEut7H\/view?usp=sharing\">Fitxa t\u00e8cnica de l&#8217;obra.<\/a><\/p>\n<p><strong>Dimecres 14 de novembre<\/strong> al mat\u00ed, els nens i nenes de 3r i 4t anem a veure l&#8217;obra\u00a0\u00a0<strong>El vestit pop de l&#8217;empreador<\/strong> Cia. Teatre La Roda. Podeu veure <a href=\"https:\/\/youtu.be\/QDfbAwZ4-CA\">una mostra de l&#8217;espectacle clicant l&#8217;enlla\u00e7<\/a>. <a href=\"https:\/\/drive.google.com\/file\/d\/1ziDqFn0uED-iUtNXy1YJUW_lgU1h1MCw\/view?usp=sharing\">Fitxa t\u00e8cnica de l&#8217;obra<\/a>.<a href=\"https:\/\/agora.xtec.cat\/escolalavilapalamos\/wp-content\/uploads\/usu897\/2018\/11\/elcomtearnau2.jpg\"><img loading=\"lazy\" decoding=\"async\" class=\" wp-image-4082 alignleft\" src=\"https:\/\/agora.xtec.cat\/escolalavilapalamos\/wp-content\/uploads\/usu897\/2018\/11\/elcomtearnau2.jpg\" alt=\"\" width=\"374\" height=\"212\" srcset=\"https:\/\/agora.xtec.cat\/escolalavilapalamos\/wp-content\/uploads\/usu897\/2018\/11\/elcomtearnau2.jpg 835w, https:\/\/agora.xtec.cat\/escolalavilapalamos\/wp-content\/uploads\/usu897\/2018\/11\/elcomtearnau2-300x170.jpg 300w, https:\/\/agora.xtec.cat\/escolalavilapalamos\/wp-content\/uploads\/usu897\/2018\/11\/elcomtearnau2-768x436.jpg 768w\" sizes=\"auto, (max-width: 374px) 100vw, 374px\" \/><\/a><\/p>\n<p>Tamb\u00e9 podeu consultar les fitxes t\u00e8cniques de les obres de teatre per con\u00e8ixer millor la companyia i els artistes.<\/p>\n<p><iframe loading=\"lazy\" src=\"\/\/www.youtube.com\/embed\/rin658YiVvc\" width=\"560\" height=\"314\" allowfullscreen=\"allowfullscreen\"><\/iframe><\/p>\n","protected":false},"excerpt":{"rendered":"<p>Aquesta i la propera setmana els nens i nenes de Prim\u00e0ria anem al Teatre La Gorga.<br \/>\n<a href=\"https:\/\/agora.xtec.cat\/escolalavilapalamos\/wp-content\/uploads\/usu897\/2018\/11\/CARTEL_2017TEATRE-BARCELONA-el-vestit-pop-de-l-emperador-390x560.png\"><\/a>Dimarts 13 de novembre al mat\u00ed, els nens i nenes de 5\u00e8 i 6\u00e8 anem a veure l&#8217;obra El Comte Arnau de la Cia. Teatre de l&#8217;Aurora. <a href=\"https:\/\/youtu.be\/y1X6fsOkXPI\">Podeu&hellip;  <a href=\"https:\/\/agora.xtec.cat\/escolalavilapalamos\/general\/anem-a-la-gorga-a-veure-teatre-2\/\" title=\"Read Anem a La Gorga a veure Teatre\">Llegeix m\u00e9s\u00bb<\/a><\/p>\n","protected":false},"author":1,"featured_media":4083,"comment_status":"open","ping_status":"closed","sticky":false,"template":"","format":"standard","meta":{"_bbp_topic_count":0,"_bbp_reply_count":0,"_bbp_total_topic_count":0,"_bbp_total_reply_count":0,"_bbp_voice_count":0,"_bbp_anonymous_reply_count":0,"_bbp_topic_count_hidden":0,"_bbp_reply_count_hidden":0,"_bbp_forum_subforum_count":0,"footnotes":""},"categories":[1,4,5],"tags":[],"class_list":["post-4081","post","type-post","status-publish","format-standard","has-post-thumbnail","hentry","category-general","category-portada","category-primaria"],"post_mailing_queue_ids":[],"_links":{"self":[{"href":"https:\/\/agora.xtec.cat\/escolalavilapalamos\/wp-json\/wp\/v2\/posts\/4081","targetHints":{"allow":["GET"]}}],"collection":[{"href":"https:\/\/agora.xtec.cat\/escolalavilapalamos\/wp-json\/wp\/v2\/posts"}],"about":[{"href":"https:\/\/agora.xtec.cat\/escolalavilapalamos\/wp-json\/wp\/v2\/types\/post"}],"author":[{"embeddable":true,"href":"https:\/\/agora.xtec.cat\/escolalavilapalamos\/wp-json\/wp\/v2\/users\/1"}],"replies":[{"embeddable":true,"href":"https:\/\/agora.xtec.cat\/escolalavilapalamos\/wp-json\/wp\/v2\/comments?post=4081"}],"version-history":[{"count":3,"href":"https:\/\/agora.xtec.cat\/escolalavilapalamos\/wp-json\/wp\/v2\/posts\/4081\/revisions"}],"predecessor-version":[{"id":4224,"href":"https:\/\/agora.xtec.cat\/escolalavilapalamos\/wp-json\/wp\/v2\/posts\/4081\/revisions\/4224"}],"wp:featuredmedia":[{"embeddable":true,"href":"https:\/\/agora.xtec.cat\/escolalavilapalamos\/wp-json\/wp\/v2\/media\/4083"}],"wp:attachment":[{"href":"https:\/\/agora.xtec.cat\/escolalavilapalamos\/wp-json\/wp\/v2\/media?parent=4081"}],"wp:term":[{"taxonomy":"category","embeddable":true,"href":"https:\/\/agora.xtec.cat\/escolalavilapalamos\/wp-json\/wp\/v2\/categories?post=4081"},{"taxonomy":"post_tag","embeddable":true,"href":"https:\/\/agora.xtec.cat\/escolalavilapalamos\/wp-json\/wp\/v2\/tags?post=4081"}],"curies":[{"name":"wp","href":"https:\/\/api.w.org\/{rel}","templated":true}]}}