{"id":4032,"date":"2018-11-07T15:50:45","date_gmt":"2018-11-07T14:50:45","guid":{"rendered":"http:\/\/agora.xtec.cat\/escolalavilapalamos\/?p=4032"},"modified":"2018-11-09T15:08:07","modified_gmt":"2018-11-09T14:08:07","slug":"coneguem-els-ambients","status":"publish","type":"post","link":"https:\/\/agora.xtec.cat\/escolalavilapalamos\/general\/coneguem-els-ambients\/","title":{"rendered":"Coneguem els ambients"},"content":{"rendered":"<p>Els nens i nenes de P3, durant el per\u00edode d&#8217;adaptaci\u00f3 hem fet un tastet dels diferents ambients d&#8217;aprenentatge; Exteriors, Joc Simb\u00f2lic i Construccions.<\/p>\n<p>La primera setmana de novembre hi anirem a treballar amb els companys de P4 i P5.<\/p>\n<p>EN TENIM MOLTES GANES!!!<\/p>\n<p><iframe loading=\"lazy\" src=\"\/\/www.youtube.com\/embed\/fnwyKKbYyjI\" width=\"560\" height=\"314\" allowfullscreen=\"allowfullscreen\"><\/iframe><\/p>\n","protected":false},"excerpt":{"rendered":"<p>Els nens i nenes de P3, durant el per\u00edode d&#8217;adaptaci\u00f3 hem fet un tastet dels diferents ambients d&#8217;aprenentatge; Exteriors, Joc Simb\u00f2lic i Construccions.<br \/>\nLa primera setmana de novembre hi anirem a treballar amb els companys de P4 i P5.<br \/>\nEN TENIM MOLTES GANES!!!<\/p>\n","protected":false},"author":128,"featured_media":4035,"comment_status":"open","ping_status":"closed","sticky":false,"template":"","format":"standard","meta":{"_bbp_topic_count":0,"_bbp_reply_count":0,"_bbp_total_topic_count":0,"_bbp_total_reply_count":0,"_bbp_voice_count":0,"_bbp_anonymous_reply_count":0,"_bbp_topic_count_hidden":0,"_bbp_reply_count_hidden":0,"_bbp_forum_subforum_count":0,"footnotes":""},"categories":[2,1,4],"tags":[],"class_list":["post-4032","post","type-post","status-publish","format-standard","has-post-thumbnail","hentry","category-infantil","category-general","category-portada"],"post_mailing_queue_ids":[],"_links":{"self":[{"href":"https:\/\/agora.xtec.cat\/escolalavilapalamos\/wp-json\/wp\/v2\/posts\/4032","targetHints":{"allow":["GET"]}}],"collection":[{"href":"https:\/\/agora.xtec.cat\/escolalavilapalamos\/wp-json\/wp\/v2\/posts"}],"about":[{"href":"https:\/\/agora.xtec.cat\/escolalavilapalamos\/wp-json\/wp\/v2\/types\/post"}],"author":[{"embeddable":true,"href":"https:\/\/agora.xtec.cat\/escolalavilapalamos\/wp-json\/wp\/v2\/users\/128"}],"replies":[{"embeddable":true,"href":"https:\/\/agora.xtec.cat\/escolalavilapalamos\/wp-json\/wp\/v2\/comments?post=4032"}],"version-history":[{"count":3,"href":"https:\/\/agora.xtec.cat\/escolalavilapalamos\/wp-json\/wp\/v2\/posts\/4032\/revisions"}],"predecessor-version":[{"id":4078,"href":"https:\/\/agora.xtec.cat\/escolalavilapalamos\/wp-json\/wp\/v2\/posts\/4032\/revisions\/4078"}],"wp:featuredmedia":[{"embeddable":true,"href":"https:\/\/agora.xtec.cat\/escolalavilapalamos\/wp-json\/wp\/v2\/media\/4035"}],"wp:attachment":[{"href":"https:\/\/agora.xtec.cat\/escolalavilapalamos\/wp-json\/wp\/v2\/media?parent=4032"}],"wp:term":[{"taxonomy":"category","embeddable":true,"href":"https:\/\/agora.xtec.cat\/escolalavilapalamos\/wp-json\/wp\/v2\/categories?post=4032"},{"taxonomy":"post_tag","embeddable":true,"href":"https:\/\/agora.xtec.cat\/escolalavilapalamos\/wp-json\/wp\/v2\/tags?post=4032"}],"curies":[{"name":"wp","href":"https:\/\/api.w.org\/{rel}","templated":true}]}}