{"id":3970,"date":"2019-03-12T08:00:17","date_gmt":"2019-03-12T07:00:17","guid":{"rendered":"http:\/\/agora.xtec.cat\/escolalavilapalamos\/?p=3970"},"modified":"2019-03-12T14:59:55","modified_gmt":"2019-03-12T13:59:55","slug":"excursio-a-les-coves-de-serinya","status":"publish","type":"post","link":"https:\/\/agora.xtec.cat\/escolalavilapalamos\/general\/excursio-a-les-coves-de-serinya\/","title":{"rendered":"Excursi\u00f3 a les coves de Seriny\u00e0"},"content":{"rendered":"<p><a href=\"https:\/\/agora.xtec.cat\/escolalavilapalamos\/wp-content\/uploads\/usu897\/2018\/10\/cropped-pintura.jpg\"><img loading=\"lazy\" decoding=\"async\" class=\"wp-image-3971 alignright\" src=\"https:\/\/agora.xtec.cat\/escolalavilapalamos\/wp-content\/uploads\/usu897\/2018\/10\/cropped-pintura-300x154.jpg\" alt=\"\" width=\"381\" height=\"196\" srcset=\"https:\/\/agora.xtec.cat\/escolalavilapalamos\/wp-content\/uploads\/usu897\/2018\/10\/cropped-pintura-300x154.jpg 300w, https:\/\/agora.xtec.cat\/escolalavilapalamos\/wp-content\/uploads\/usu897\/2018\/10\/cropped-pintura-768x394.jpg 768w, https:\/\/agora.xtec.cat\/escolalavilapalamos\/wp-content\/uploads\/usu897\/2018\/10\/cropped-pintura-1024x525.jpg 1024w, https:\/\/agora.xtec.cat\/escolalavilapalamos\/wp-content\/uploads\/usu897\/2018\/10\/cropped-pintura.jpg 2000w\" sizes=\"auto, (max-width: 381px) 100vw, 381px\" \/><\/a><\/p>\n<p>Com ja us vam informar a la reuni\u00f3 d&#8217;inici de curs, els alumnes de 1r, 2n i 3r anirem d&#8217;excursi\u00f3 <strong>a les Coves de Serinya i al Parc de la Draga de Banyoles. <\/strong>L&#8217;excursi\u00f3 ser\u00e0 el proper <strong>divendres 22 de mar\u00e7<\/strong>. All\u00e0 farem activitats relacionades amb la Prehist\u00f2ria.<\/p>\n<p>Sortida a les 8:30 h de l&#8217;estadi municipal i arribada a les 16:30h al mateix lloc.<\/p>\n<p>Heu de portar <a href=\"https:\/\/drive.google.com\/file\/d\/1FghKHQYc7Wbtu3PQCh3FCvPS8JDGsG3u\/view?usp=sharing\">l&#8217;autoritzaci\u00f3 de l&#8217;excursi\u00f3<\/a> signada abans del proper divendres 15 de mar\u00e7.<\/p>\n<p>Podeu veure m\u00e9s informaci\u00f3 de les Coves de Seriny\u00e0 aqu\u00ed: <a href=\"https:\/\/parcdelescoves.wordpress.com\/\">parcdelescoves.wordpress.com.<\/a>On s\u00f3n les coves de Seriny\u00e0. Podeu veure-ho <a href=\"https:\/\/www.google.es\/maps\/@42.1607084,2.744367,830m\/data=!3m1!1e3\">aqu\u00ed<\/a><\/p>\n<p>Recordeu que l&#8217;excursi\u00f3 ja est\u00e0 pagada amb la quota d&#8217;inici de curs i no s&#8217;ha de fer cap pagament extraordinari.<\/p>\n","protected":false},"excerpt":{"rendered":"<p><a href=\"https:\/\/agora.xtec.cat\/escolalavilapalamos\/wp-content\/uploads\/usu897\/2018\/10\/cropped-pintura.jpg\"><\/a><br \/>\nCom ja us vam informar a la reuni\u00f3 d&#8217;inici de curs, els alumnes de 1r, 2n i 3r anirem d&#8217;excursi\u00f3 a les Coves de Serinya i al Parc de la Draga de Banyoles. L&#8217;excursi\u00f3 ser\u00e0 el proper divendres 22 de mar\u00e7. All\u00e0 farem activitats&hellip;  <a href=\"https:\/\/agora.xtec.cat\/escolalavilapalamos\/general\/excursio-a-les-coves-de-serinya\/\" title=\"Read Excursi\u00f3 a les coves de Seriny\u00e0\">Llegeix m\u00e9s\u00bb<\/a><\/p>\n","protected":false},"author":131,"featured_media":3971,"comment_status":"open","ping_status":"closed","sticky":false,"template":"","format":"standard","meta":{"_bbp_topic_count":0,"_bbp_reply_count":0,"_bbp_total_topic_count":0,"_bbp_total_reply_count":0,"_bbp_voice_count":0,"_bbp_anonymous_reply_count":0,"_bbp_topic_count_hidden":0,"_bbp_reply_count_hidden":0,"_bbp_forum_subforum_count":0,"footnotes":""},"categories":[1,4,5],"tags":[118,91,90,120,125,103],"class_list":["post-3970","post","type-post","status-publish","format-standard","has-post-thumbnail","hentry","category-general","category-portada","category-primaria","tag-1r","tag-2n","tag-3r","tag-comunitat-de-mitjans","tag-covesdeserinya","tag-sortida"],"post_mailing_queue_ids":[],"_links":{"self":[{"href":"https:\/\/agora.xtec.cat\/escolalavilapalamos\/wp-json\/wp\/v2\/posts\/3970","targetHints":{"allow":["GET"]}}],"collection":[{"href":"https:\/\/agora.xtec.cat\/escolalavilapalamos\/wp-json\/wp\/v2\/posts"}],"about":[{"href":"https:\/\/agora.xtec.cat\/escolalavilapalamos\/wp-json\/wp\/v2\/types\/post"}],"author":[{"embeddable":true,"href":"https:\/\/agora.xtec.cat\/escolalavilapalamos\/wp-json\/wp\/v2\/users\/131"}],"replies":[{"embeddable":true,"href":"https:\/\/agora.xtec.cat\/escolalavilapalamos\/wp-json\/wp\/v2\/comments?post=3970"}],"version-history":[{"count":4,"href":"https:\/\/agora.xtec.cat\/escolalavilapalamos\/wp-json\/wp\/v2\/posts\/3970\/revisions"}],"predecessor-version":[{"id":5373,"href":"https:\/\/agora.xtec.cat\/escolalavilapalamos\/wp-json\/wp\/v2\/posts\/3970\/revisions\/5373"}],"wp:featuredmedia":[{"embeddable":true,"href":"https:\/\/agora.xtec.cat\/escolalavilapalamos\/wp-json\/wp\/v2\/media\/3971"}],"wp:attachment":[{"href":"https:\/\/agora.xtec.cat\/escolalavilapalamos\/wp-json\/wp\/v2\/media?parent=3970"}],"wp:term":[{"taxonomy":"category","embeddable":true,"href":"https:\/\/agora.xtec.cat\/escolalavilapalamos\/wp-json\/wp\/v2\/categories?post=3970"},{"taxonomy":"post_tag","embeddable":true,"href":"https:\/\/agora.xtec.cat\/escolalavilapalamos\/wp-json\/wp\/v2\/tags?post=3970"}],"curies":[{"name":"wp","href":"https:\/\/api.w.org\/{rel}","templated":true}]}}