{"id":392,"date":"2019-09-20T08:09:17","date_gmt":"2019-09-20T06:09:17","guid":{"rendered":"http:\/\/agora.xtec.cat\/escolalavilapalamos\/?p=392"},"modified":"2019-09-26T15:08:04","modified_gmt":"2019-09-26T13:08:04","slug":"sos-africa","status":"publish","type":"post","link":"https:\/\/agora.xtec.cat\/escolalavilapalamos\/general\/sos-africa\/","title":{"rendered":"SOS \u00c0frica"},"content":{"rendered":"<p>Una vegada m\u00e9s <strong>SOS \u00c0FRICA, el Servei de Solidaritat amb \u00c0frica,<\/strong> es posa en contacte amb nosaltres per sol\u2022licitar la vostra col\u2022laboraci\u00f3.<a href=\"http:\/\/agora.xtec.cat\/escolalavilapalamos\/wp-content\/uploads\/usu897\/2016\/11\/logo-anniversary.png\"><img loading=\"lazy\" decoding=\"async\" class=\"wp-image-393 alignright\" src=\"http:\/\/agora.xtec.cat\/escolalavilapalamos\/wp-content\/uploads\/usu897\/2016\/11\/logo-anniversary.png\" alt=\"logo-anniversary\" width=\"230\" height=\"230\" srcset=\"https:\/\/agora.xtec.cat\/escolalavilapalamos\/wp-content\/uploads\/usu897\/2016\/11\/logo-anniversary.png 174w, https:\/\/agora.xtec.cat\/escolalavilapalamos\/wp-content\/uploads\/usu897\/2016\/11\/logo-anniversary-150x150.png 150w\" sizes=\"auto, (max-width: 230px) 100vw, 230px\" \/><\/a><\/p>\n<p>La campanya consisteix en recollir robada usada i sabates.<\/p>\n<p>Gr\u00e0cies al nostre recolzament en anteriors campanyes, aquesta organitzaci\u00f3 humanit\u00e0ria ha pogut millorar les condicions de vida de milers de persones necessitades en el Sud de Sudan (rehabilitaci\u00f3 d\u2019escoles i hospitals), Som\u00e0lia (300 tones r\u00e8cord d\u2019aliments en l\u2019anterior fam) a Eti\u00f2pia (suport a quatre Llars Infantils, projectes hortifrut\u00edcoles), Guinea Equatorial (construcci\u00f3 d\u2019estructures educatives) i Kenya (construcci\u00f3 d\u2019escoles infantils, provisi\u00f3 d\u2019aliments, instal\u2022laci\u00f3 de tancs d\u2019aigua, suport a la inf\u00e0ncia necessitada, etc.).<\/p>\n<p>Finalment ens conviden a sumar-nos a la campanya \u201cUn col\u2022legi, un tanc d\u2019aigua\u201d l\u2019objectiu del qual \u00e9s aconse\u00acguir que un nen o nena de la regi\u00f3 semi\u00e0rida de Machakos, a Kenya, tingui un tanc d\u2019aigua amb una capacitat de 5.000 litres.<\/p>\n<p>M\u00e9s informaci\u00f3 a <a href=\"http:\/\/www.solidaridadescolar.com\">www.solidaridadescolar.com<\/a> i a <a href=\"http:\/\/www.sosafrica.org\">www.sosafrica.org <\/a>M\u00e9s informaci\u00f3<a href=\"https:\/\/drive.google.com\/file\/d\/1z8fYx9Q-kke5p9ICWsNNdbshZNVoaQ74\/view?usp=sharing\"> aqu\u00ed<\/a><\/p>\n<p>Els alumnes de prim\u00e0ria poden deixar la bossa de roba i sabates sota l\u2019escala del passad\u00eds (davant el lavabo de les nenes) de prim\u00e0ria i en el cas d&#8217;infantil sota l\u2019escala de l\u2019entrada de p3.<\/p>\n<p>El per\u00edode de recollida de les bosses \u00e9s <strong>del dilluns 23 al dilluns 30 de setembre de 2019<\/strong><\/p>\n<p>Gr\u00e0cies per la vostra col\u2022laboraci\u00f3<\/p>\n<p>Us podeu descarregar<a href=\"https:\/\/drive.google.com\/file\/d\/1rRMq8krF2WtIrHelg2zUZC4GxnqAj2G_\/view?usp=sharing\"> la circular<\/a> amb tota la informaci\u00f3.<\/p>\n","protected":false},"excerpt":{"rendered":"<p>Una vegada m\u00e9s SOS \u00c0FRICA, el Servei de Solidaritat amb \u00c0frica, es posa en contacte amb nosaltres per sol\u2022licitar la vostra col\u2022laboraci\u00f3.<a href=\"http:\/\/agora.xtec.cat\/escolalavilapalamos\/wp-content\/uploads\/usu897\/2016\/11\/logo-anniversary.png\"><\/a><br \/>\nLa campanya consisteix en recollir robada usada i sabates.<br \/>\nGr\u00e0cies al nostre recolzament en anteriors campanyes, aquesta organitzaci\u00f3 humanit\u00e0ria ha pogut millorar les condicions&hellip;  <a href=\"https:\/\/agora.xtec.cat\/escolalavilapalamos\/general\/sos-africa\/\" title=\"Read SOS \u00c0frica\">Llegeix m\u00e9s\u00bb<\/a><\/p>\n","protected":false},"author":1,"featured_media":393,"comment_status":"open","ping_status":"closed","sticky":false,"template":"","format":"standard","meta":{"_bbp_topic_count":0,"_bbp_reply_count":0,"_bbp_total_topic_count":0,"_bbp_total_reply_count":0,"_bbp_voice_count":0,"_bbp_anonymous_reply_count":0,"_bbp_topic_count_hidden":0,"_bbp_reply_count_hidden":0,"_bbp_forum_subforum_count":0,"footnotes":""},"categories":[2,1,4,5],"tags":[42],"class_list":["post-392","post","type-post","status-publish","format-standard","has-post-thumbnail","hentry","category-infantil","category-general","category-portada","category-primaria","tag-ongs"],"post_mailing_queue_ids":[],"_links":{"self":[{"href":"https:\/\/agora.xtec.cat\/escolalavilapalamos\/wp-json\/wp\/v2\/posts\/392","targetHints":{"allow":["GET"]}}],"collection":[{"href":"https:\/\/agora.xtec.cat\/escolalavilapalamos\/wp-json\/wp\/v2\/posts"}],"about":[{"href":"https:\/\/agora.xtec.cat\/escolalavilapalamos\/wp-json\/wp\/v2\/types\/post"}],"author":[{"embeddable":true,"href":"https:\/\/agora.xtec.cat\/escolalavilapalamos\/wp-json\/wp\/v2\/users\/1"}],"replies":[{"embeddable":true,"href":"https:\/\/agora.xtec.cat\/escolalavilapalamos\/wp-json\/wp\/v2\/comments?post=392"}],"version-history":[{"count":3,"href":"https:\/\/agora.xtec.cat\/escolalavilapalamos\/wp-json\/wp\/v2\/posts\/392\/revisions"}],"predecessor-version":[{"id":6302,"href":"https:\/\/agora.xtec.cat\/escolalavilapalamos\/wp-json\/wp\/v2\/posts\/392\/revisions\/6302"}],"wp:featuredmedia":[{"embeddable":true,"href":"https:\/\/agora.xtec.cat\/escolalavilapalamos\/wp-json\/wp\/v2\/media\/393"}],"wp:attachment":[{"href":"https:\/\/agora.xtec.cat\/escolalavilapalamos\/wp-json\/wp\/v2\/media?parent=392"}],"wp:term":[{"taxonomy":"category","embeddable":true,"href":"https:\/\/agora.xtec.cat\/escolalavilapalamos\/wp-json\/wp\/v2\/categories?post=392"},{"taxonomy":"post_tag","embeddable":true,"href":"https:\/\/agora.xtec.cat\/escolalavilapalamos\/wp-json\/wp\/v2\/tags?post=392"}],"curies":[{"name":"wp","href":"https:\/\/api.w.org\/{rel}","templated":true}]}}