{"id":3625,"date":"2019-09-28T09:16:00","date_gmt":"2019-09-28T07:16:00","guid":{"rendered":"http:\/\/agora.xtec.cat\/escolalavilapalamos\/?p=3625"},"modified":"2019-10-11T13:21:30","modified_gmt":"2019-10-11T11:21:30","slug":"extraescolars-2018-19","status":"publish","type":"post","link":"https:\/\/agora.xtec.cat\/escolalavilapalamos\/general\/extraescolars-2018-19\/","title":{"rendered":"Extraescolars 2019-20"},"content":{"rendered":"<p><img loading=\"lazy\" decoding=\"async\" class=\"alignleft\" src=\"http:\/\/www.ampaantonibrusi.es\/wp-content\/uploads\/2016\/03\/extra2012.png\" width=\"338\" height=\"163\" \/>Dilluns 30 de setembre comencen <strong>les activitats extraescolars.<\/strong><\/p>\n<p>El llistat de les activitats extraescolars, els monitors, el preu i l&#8217;horari el trobareu a la <a href=\"https:\/\/sites.google.com\/view\/ampalavila\/inici\/extraescolars?authuser=0\">web de l&#8217;AMPA\/extraescolars<\/a>.<\/p>\n<p>Aqu\u00ed teniu <a href=\"https:\/\/drive.google.com\/file\/d\/11Dp9dUEjJtlE1WSH3OJe4a8SKUOaZqWc\/view?usp=sharing\">l&#8217;horari de les activitats i els espais<\/a> on es realitzen.<\/p>\n<p>Els alumnes d&#8217;extraescolars s&#8217;han d&#8217;esperar a la classe i els\/les monitors\/es les vindran a buscar.<\/p>\n<p>Per qualsevol dubte podeu consultar <a href=\"https:\/\/sites.google.com\/view\/ampalavila\">la web de l&#8217;AMPA<\/a> o anar a l&#8217;oficina d&#8217;atenci\u00f3 a les fam\u00edlies en l&#8217;horari dimarts de 8:35 a 9:30 h i dijous de 15:05 a 16:15 h. Tamb\u00e9 podeu enviar un mail a <a href=\"mailto:lavila.ampa@gmail.com\">lavila.ampa@gmail.com<\/a><\/p>\n<p><strong>Aula musical 19-20.<\/strong> El mes d&#8217;octubre tamb\u00e9 comencen les activitats de l&#8217;Aula Musical.<img loading=\"lazy\" decoding=\"async\" class=\"alignright\" src=\"http:\/\/www.aulamusicalpalamoslavila.cat\/_\/rsrc\/1405674239314\/home\/Aula%20musical%20LaVilaPalamos.jpg?height=327&amp;width=387\" width=\"277\" height=\"234\" \/><\/p>\n<p>El llistat de les classes, els monitors, el preu i l&#8217;horari el trobareu a <a href=\"http:\/\/www.aulamusicalpalamoslavila.cat\/\">la web de l&#8217;Aula Musical<\/a>. Els alumnes de l&#8217;Aula Musical han de dirigir-se a les aules on es realitza l&#8217;activitat on es trobaran els m\u00fasics.<\/p>\n<p>Per qualsevol dubte podeu consultar a la <strong>Lourdes Valls,<\/strong> directora de l&#8217;Aula Musical, en l&#8217;horari de dilluns a dijous de 16:30 a 17:30 h i . Tamb\u00e9 podeu enviar un mail a <a href=\"mailto:aulamusical.lavila@gmail.com\">aulamusical.lavila@gmail.com<\/a><\/p>\n","protected":false},"excerpt":{"rendered":"<p>Dilluns 30 de setembre comencen les activitats extraescolars.<br \/>\nEl llistat de les activitats extraescolars, els monitors, el preu i l&#8217;horari el trobareu a la <a href=\"https:\/\/sites.google.com\/view\/ampalavila\/inici\/extraescolars?authuser=0\">web de l&#8217;AMPA\/extraescolars<\/a>.<br \/>\nAqu\u00ed teniu <a href=\"https:\/\/drive.google.com\/file\/d\/11Dp9dUEjJtlE1WSH3OJe4a8SKUOaZqWc\/view?usp=sharing\">l&#8217;horari de les activitats i els espais<\/a> on es realitzen.<br \/>\nEls alumnes d&#8217;extraescolars s&#8217;han d&#8217;esperar a la&hellip;  <a href=\"https:\/\/agora.xtec.cat\/escolalavilapalamos\/general\/extraescolars-2018-19\/\" title=\"Read Extraescolars 2019-20\">Llegeix m\u00e9s\u00bb<\/a><\/p>\n","protected":false},"author":1,"featured_media":3626,"comment_status":"open","ping_status":"closed","sticky":false,"template":"","format":"standard","meta":{"_bbp_topic_count":0,"_bbp_reply_count":0,"_bbp_total_topic_count":0,"_bbp_total_reply_count":0,"_bbp_voice_count":0,"_bbp_anonymous_reply_count":0,"_bbp_topic_count_hidden":0,"_bbp_reply_count_hidden":0,"_bbp_forum_subforum_count":0,"footnotes":""},"categories":[7,2,1,4,5],"tags":[],"class_list":["post-3625","post","type-post","status-publish","format-standard","has-post-thumbnail","hentry","category-ampa","category-infantil","category-general","category-portada","category-primaria"],"post_mailing_queue_ids":[],"_links":{"self":[{"href":"https:\/\/agora.xtec.cat\/escolalavilapalamos\/wp-json\/wp\/v2\/posts\/3625","targetHints":{"allow":["GET"]}}],"collection":[{"href":"https:\/\/agora.xtec.cat\/escolalavilapalamos\/wp-json\/wp\/v2\/posts"}],"about":[{"href":"https:\/\/agora.xtec.cat\/escolalavilapalamos\/wp-json\/wp\/v2\/types\/post"}],"author":[{"embeddable":true,"href":"https:\/\/agora.xtec.cat\/escolalavilapalamos\/wp-json\/wp\/v2\/users\/1"}],"replies":[{"embeddable":true,"href":"https:\/\/agora.xtec.cat\/escolalavilapalamos\/wp-json\/wp\/v2\/comments?post=3625"}],"version-history":[{"count":2,"href":"https:\/\/agora.xtec.cat\/escolalavilapalamos\/wp-json\/wp\/v2\/posts\/3625\/revisions"}],"predecessor-version":[{"id":6442,"href":"https:\/\/agora.xtec.cat\/escolalavilapalamos\/wp-json\/wp\/v2\/posts\/3625\/revisions\/6442"}],"wp:featuredmedia":[{"embeddable":true,"href":"https:\/\/agora.xtec.cat\/escolalavilapalamos\/wp-json\/wp\/v2\/media\/3626"}],"wp:attachment":[{"href":"https:\/\/agora.xtec.cat\/escolalavilapalamos\/wp-json\/wp\/v2\/media?parent=3625"}],"wp:term":[{"taxonomy":"category","embeddable":true,"href":"https:\/\/agora.xtec.cat\/escolalavilapalamos\/wp-json\/wp\/v2\/categories?post=3625"},{"taxonomy":"post_tag","embeddable":true,"href":"https:\/\/agora.xtec.cat\/escolalavilapalamos\/wp-json\/wp\/v2\/tags?post=3625"}],"curies":[{"name":"wp","href":"https:\/\/api.w.org\/{rel}","templated":true}]}}