{"id":3450,"date":"2019-10-07T08:49:44","date_gmt":"2019-10-07T06:49:44","guid":{"rendered":"http:\/\/agora.xtec.cat\/escolalavilapalamos\/?p=3450"},"modified":"2019-10-11T13:46:40","modified_gmt":"2019-10-11T11:46:40","slug":"anem-a-la-biblioteca-de-palamos","status":"publish","type":"post","link":"https:\/\/agora.xtec.cat\/escolalavilapalamos\/general\/anem-a-la-biblioteca-de-palamos\/","title":{"rendered":"Anem a la Biblioteca de Palam\u00f3s"},"content":{"rendered":"<p><img loading=\"lazy\" decoding=\"async\" class=\"alignleft\" src=\"http:\/\/fad.cat\/petitseditors\/wp-content\/uploads\/Palam%C2%A2s-007-web.jpg\" width=\"333\" height=\"250\" \/><\/p>\n<p>Els alumnes de 5\u00e8 i 6\u00e8 anem a veure la <strong>Biblioteca Llu\u00eds Barcel\u00f3 i Bou<\/strong> de Palam\u00f3s.<\/p>\n<p>Dijous 10 d&#8217;octubre al mat\u00ed visitem la Biblioteca municipal.<\/p>\n<p>La visita es realitza per con\u00e8ixer l&#8217;espai, el fons de llibres i les activitats culturals que es porten a terme. Una oportunitat d&#8217;apropar-nos a la biblioteca per con\u00e8ixer-la i gaudir-ne.<\/p>\n<p><a href=\"http:\/\/www.bibgirona.cat\/biblioteca\/palamos\">Web de la Biblioteca de Palam\u00f3s<\/a><\/p>\n","protected":false},"excerpt":{"rendered":"<p>Els alumnes de 5\u00e8 i 6\u00e8 anem a veure la Biblioteca Llu\u00eds Barcel\u00f3 i Bou de Palam\u00f3s.<br \/>\nDijous 10 d&#8217;octubre al mat\u00ed visitem la Biblioteca municipal.<br \/>\nLa visita es realitza per con\u00e8ixer l&#8217;espai, el fons de llibres i les activitats culturals que es porten a terme. Una&hellip;  <a href=\"https:\/\/agora.xtec.cat\/escolalavilapalamos\/general\/anem-a-la-biblioteca-de-palamos\/\" title=\"Read Anem a la Biblioteca de Palam\u00f3s\">Llegeix m\u00e9s\u00bb<\/a><\/p>\n","protected":false},"author":1,"featured_media":404,"comment_status":"open","ping_status":"closed","sticky":false,"template":"","format":"standard","meta":{"_bbp_topic_count":0,"_bbp_reply_count":0,"_bbp_total_topic_count":0,"_bbp_total_reply_count":0,"_bbp_voice_count":0,"_bbp_anonymous_reply_count":0,"_bbp_topic_count_hidden":0,"_bbp_reply_count_hidden":0,"_bbp_forum_subforum_count":0,"footnotes":""},"categories":[1,4,5],"tags":[],"class_list":["post-3450","post","type-post","status-publish","format-standard","has-post-thumbnail","hentry","category-general","category-portada","category-primaria"],"post_mailing_queue_ids":[],"_links":{"self":[{"href":"https:\/\/agora.xtec.cat\/escolalavilapalamos\/wp-json\/wp\/v2\/posts\/3450","targetHints":{"allow":["GET"]}}],"collection":[{"href":"https:\/\/agora.xtec.cat\/escolalavilapalamos\/wp-json\/wp\/v2\/posts"}],"about":[{"href":"https:\/\/agora.xtec.cat\/escolalavilapalamos\/wp-json\/wp\/v2\/types\/post"}],"author":[{"embeddable":true,"href":"https:\/\/agora.xtec.cat\/escolalavilapalamos\/wp-json\/wp\/v2\/users\/1"}],"replies":[{"embeddable":true,"href":"https:\/\/agora.xtec.cat\/escolalavilapalamos\/wp-json\/wp\/v2\/comments?post=3450"}],"version-history":[{"count":3,"href":"https:\/\/agora.xtec.cat\/escolalavilapalamos\/wp-json\/wp\/v2\/posts\/3450\/revisions"}],"predecessor-version":[{"id":6445,"href":"https:\/\/agora.xtec.cat\/escolalavilapalamos\/wp-json\/wp\/v2\/posts\/3450\/revisions\/6445"}],"wp:featuredmedia":[{"embeddable":true,"href":"https:\/\/agora.xtec.cat\/escolalavilapalamos\/wp-json\/wp\/v2\/media\/404"}],"wp:attachment":[{"href":"https:\/\/agora.xtec.cat\/escolalavilapalamos\/wp-json\/wp\/v2\/media?parent=3450"}],"wp:term":[{"taxonomy":"category","embeddable":true,"href":"https:\/\/agora.xtec.cat\/escolalavilapalamos\/wp-json\/wp\/v2\/categories?post=3450"},{"taxonomy":"post_tag","embeddable":true,"href":"https:\/\/agora.xtec.cat\/escolalavilapalamos\/wp-json\/wp\/v2\/tags?post=3450"}],"curies":[{"name":"wp","href":"https:\/\/api.w.org\/{rel}","templated":true}]}}