{"id":3343,"date":"2019-09-30T08:57:10","date_gmt":"2019-09-30T06:57:10","guid":{"rendered":"http:\/\/agora.xtec.cat\/escolalavilapalamos\/?p=3343"},"modified":"2019-10-08T17:11:59","modified_gmt":"2019-10-08T15:11:59","slug":"reunio-de-mares-i-pares-delegats-daula-2","status":"publish","type":"post","link":"https:\/\/agora.xtec.cat\/escolalavilapalamos\/general\/reunio-de-mares-i-pares-delegats-daula-2\/","title":{"rendered":"Reuni\u00f3 de mares i pares delegats d&#8217;aula"},"content":{"rendered":"<header><\/header>\n<header class=\"entry-header\"><\/header>\n<h6><a href=\"http:\/\/agora.xtec.cat\/escolalavilapalamos\/wp-content\/uploads\/usu897\/2016\/09\/bca3e2f952328880a0a17540604101ea-online-marketing-dresden-1.jpg\"><img loading=\"lazy\" decoding=\"async\" class=\" wp-image-1882 alignright\" src=\"http:\/\/agora.xtec.cat\/escolalavilapalamos\/wp-content\/uploads\/usu897\/2016\/09\/bca3e2f952328880a0a17540604101ea-online-marketing-dresden-1.jpg\" alt=\"\" width=\"243\" height=\"246\" srcset=\"https:\/\/agora.xtec.cat\/escolalavilapalamos\/wp-content\/uploads\/usu897\/2016\/09\/bca3e2f952328880a0a17540604101ea-online-marketing-dresden-1.jpg 614w, https:\/\/agora.xtec.cat\/escolalavilapalamos\/wp-content\/uploads\/usu897\/2016\/09\/bca3e2f952328880a0a17540604101ea-online-marketing-dresden-1-296x300.jpg 296w\" sizes=\"auto, (max-width: 243px) 100vw, 243px\" \/><\/a>Els pares i mares delegats\/des d&#8217;aula estan convocats a una trobada que tindr\u00e0 lloc\u00a0 dijous 3 d&#8217;octubre a les 16:40 h a la sala de mestres (entrada principal de l&#8217;escola). Us hem fet arribar la convocat\u00f2ria via email.<\/h6>\n<p>Us podeu descarregar tamb\u00e9 la convocat\u00f2ria a la reuni\u00f3 <a href=\"https:\/\/drive.google.com\/file\/d\/1mBCd77mUSJJPW4wRydQlcHgCuLuDyPGv\/view?usp=sharing\">aqu\u00ed<\/a><\/p>\n<p><a href=\"https:\/\/drive.google.com\/file\/d\/0B0P6-dzfPaO5RDVYY1ZYVlRzSHM\/view?usp=sharing\">Funcions del pare\/mare delegat\/da d&#8217;aula<\/a><\/p>\n<p><a href=\"https:\/\/drive.google.com\/file\/d\/0B0P6-dzfPaO5MDRlWXhJRlhyRW8\/view?usp=sharing\">Consells pels grups pares i mares de whats app<\/a><\/p>\n<header><\/header>\n<header class=\"entry-header\"><\/header>\n<header class=\"entry-header\"><\/header>\n<header class=\"entry-header\"><\/header>\n<header class=\"entry-header\"><\/header>\n<header class=\"entry-header\"><\/header>\n<header class=\"entry-header\"><\/header>\n<div class=\"entry-content\">\n<p>&nbsp;<\/p>\n<\/div>\n","protected":false},"excerpt":{"rendered":"<p><a href=\"http:\/\/agora.xtec.cat\/escolalavilapalamos\/wp-content\/uploads\/usu897\/2016\/09\/bca3e2f952328880a0a17540604101ea-online-marketing-dresden-1.jpg\"><\/a>Els pares i mares delegats\/des d&#8217;aula estan convocats a una trobada que tindr\u00e0 lloc\u00a0 dijous 3 d&#8217;octubre a les 16:40 h a la sala de mestres (entrada principal de l&#8217;escola). Us hem fet arribar la convocat\u00f2ria via email.<br \/>\nUs podeu descarregar tamb\u00e9 la convocat\u00f2ria a&hellip;  <a href=\"https:\/\/agora.xtec.cat\/escolalavilapalamos\/general\/reunio-de-mares-i-pares-delegats-daula-2\/\" title=\"Read Reuni\u00f3 de mares i pares delegats d&#8217;aula\">Llegeix m\u00e9s\u00bb<\/a><\/p>\n","protected":false},"author":1,"featured_media":1882,"comment_status":"open","ping_status":"closed","sticky":false,"template":"","format":"standard","meta":{"_bbp_topic_count":0,"_bbp_reply_count":0,"_bbp_total_topic_count":0,"_bbp_total_reply_count":0,"_bbp_voice_count":0,"_bbp_anonymous_reply_count":0,"_bbp_topic_count_hidden":0,"_bbp_reply_count_hidden":0,"_bbp_forum_subforum_count":0,"footnotes":""},"categories":[7,2,1,4,5],"tags":[],"class_list":["post-3343","post","type-post","status-publish","format-standard","has-post-thumbnail","hentry","category-ampa","category-infantil","category-general","category-portada","category-primaria"],"post_mailing_queue_ids":[],"_links":{"self":[{"href":"https:\/\/agora.xtec.cat\/escolalavilapalamos\/wp-json\/wp\/v2\/posts\/3343","targetHints":{"allow":["GET"]}}],"collection":[{"href":"https:\/\/agora.xtec.cat\/escolalavilapalamos\/wp-json\/wp\/v2\/posts"}],"about":[{"href":"https:\/\/agora.xtec.cat\/escolalavilapalamos\/wp-json\/wp\/v2\/types\/post"}],"author":[{"embeddable":true,"href":"https:\/\/agora.xtec.cat\/escolalavilapalamos\/wp-json\/wp\/v2\/users\/1"}],"replies":[{"embeddable":true,"href":"https:\/\/agora.xtec.cat\/escolalavilapalamos\/wp-json\/wp\/v2\/comments?post=3343"}],"version-history":[{"count":3,"href":"https:\/\/agora.xtec.cat\/escolalavilapalamos\/wp-json\/wp\/v2\/posts\/3343\/revisions"}],"predecessor-version":[{"id":6388,"href":"https:\/\/agora.xtec.cat\/escolalavilapalamos\/wp-json\/wp\/v2\/posts\/3343\/revisions\/6388"}],"wp:featuredmedia":[{"embeddable":true,"href":"https:\/\/agora.xtec.cat\/escolalavilapalamos\/wp-json\/wp\/v2\/media\/1882"}],"wp:attachment":[{"href":"https:\/\/agora.xtec.cat\/escolalavilapalamos\/wp-json\/wp\/v2\/media?parent=3343"}],"wp:term":[{"taxonomy":"category","embeddable":true,"href":"https:\/\/agora.xtec.cat\/escolalavilapalamos\/wp-json\/wp\/v2\/categories?post=3343"},{"taxonomy":"post_tag","embeddable":true,"href":"https:\/\/agora.xtec.cat\/escolalavilapalamos\/wp-json\/wp\/v2\/tags?post=3343"}],"curies":[{"name":"wp","href":"https:\/\/api.w.org\/{rel}","templated":true}]}}