{"id":3291,"date":"2019-09-16T08:00:30","date_gmt":"2019-09-16T06:00:30","guid":{"rendered":"http:\/\/agora.xtec.cat\/escolalavilapalamos\/?p=3291"},"modified":"2019-09-19T11:45:37","modified_gmt":"2019-09-19T09:45:37","slug":"area-deducacio-fisica-2","status":"publish","type":"post","link":"https:\/\/agora.xtec.cat\/escolalavilapalamos\/general\/area-deducacio-fisica-2\/","title":{"rendered":"\u00c0rea d&#8217;Educaci\u00f3 F\u00edsica"},"content":{"rendered":"<p><a href=\"http:\/\/agora.xtec.cat\/escolalavilapalamos\/wp-content\/uploads\/usu897\/2018\/09\/clip_image001.jpg\"><img loading=\"lazy\" decoding=\"async\" class=\"wp-image-3292 alignright\" src=\"http:\/\/agora.xtec.cat\/escolalavilapalamos\/wp-content\/uploads\/usu897\/2018\/09\/clip_image001.jpg\" alt=\"\" width=\"383\" height=\"160\" srcset=\"https:\/\/agora.xtec.cat\/escolalavilapalamos\/wp-content\/uploads\/usu897\/2018\/09\/clip_image001.jpg 500w, https:\/\/agora.xtec.cat\/escolalavilapalamos\/wp-content\/uploads\/usu897\/2018\/09\/clip_image001-300x125.jpg 300w\" sizes=\"auto, (max-width: 383px) 100vw, 383px\" \/><\/a>\u00a0Benvolgudes fam\u00edlies,<\/p>\n<p>Per tal de mantenir un correcte i benefici\u00f3s efecte en la salut corporal dels vostres fills\/es, us volem recordar el material i les normes b\u00e0siques i necess\u00e0ries pel correcte desenvolupament de l\u2019\u00e0rea d\u2019Educaci\u00f3 F\u00edsica. Per un bon treball dels h\u00e0bits saludables, recordem que:<\/p>\n<ol>\n<li>Cal anar correctament equipat: xandall, samarreta, vambes i mitjons. ( No es pot fer educaci\u00f3 f\u00edsica amb texans, sand\u00e0lies, sabates, camisa, faldilla\u2026).<\/li>\n<li>Per realitzar les sessions d\u2019Educaci\u00f3 F\u00edsica cal portar:<\/li>\n<\/ol>\n<p>Una bossa (que no sigui de supermercat) amb unes sabatilles (vambes, vict\u00f2ria o xineses) que utilitzarem el dia que anem al pavell\u00f3. Tamb\u00e9 amb una tovallola per eixugar-se mans i cara, i una samarreta per canviar-se despr\u00e9s de la classe. Aquesta bossa es portar\u00e0 cada dia que hi hagi Educaci\u00f3 F\u00edsica i s\u2019haur\u00e0 d\u2019emportar a casa per rentar.<\/p>\n<p><strong>Tot haur\u00e0 d\u2019estar marcat amb el nom i cognom<\/strong><\/p>\n<ol>\n<li>Recomanem no portar arracades llargues, bra\u00e7alets, collarets, piercengs, anells\u2026 per a evitar possibles incid\u00e8ncies.<\/li>\n<li>Les activitats de piscina de 2n i vela de 6\u00e8 s\u00f3n obligat\u00f2ries per tothom, ja que estan incloses en el curr\u00edculum de l\u2019\u00e0rea d\u2019Educaci\u00f3 F\u00edsica.<\/li>\n<li>Si l\u2019alumne presenta algun problema m\u00e8dic o algun tipus de lesi\u00f3, caldr\u00e0 justificar el no fer l\u2019activitat d\u2019Educaci\u00f3 F\u00edsica\u00a0 per mitj\u00e0 de fulls m\u00e8dics i autoritzacions signades per part dels pares o tutors.<\/li>\n<li>En casos de lesions importants i de durada llarga, caldr\u00e0 posar-se en contacte amb el\/la mestre\/a d\u2019Educaci\u00f3 F\u00edsica per adaptar les classes a les particularitats de cada alumne\/a.<\/li>\n<\/ol>\n<p>Aquesta informaci\u00f3 t\u00e9 com a finalitat posar als mestres d\u2019Educaci\u00f3 F\u00edsica\u00a0 en coneixement de possibles problemes i aix\u00ed millorar la seguretat dels vostres fills\/es a l\u2019hora de la pr\u00e0ctica esportiva.<\/p>\n<p>Comptem amb la vostra col\u00b7laboraci\u00f3. Descarrega&#8217; t la circular <a href=\"https:\/\/drive.google.com\/file\/d\/18rP-7twWUhx6GrqSYiZ3WeMog1EC2iCm\/view?usp=sharing\">aqu\u00ed<\/a><\/p>\n<p>Atentament<\/p>\n<p>Mestres d\u2019Educaci\u00f3 F\u00edsica<\/p>\n","protected":false},"excerpt":{"rendered":"<p><a href=\"http:\/\/agora.xtec.cat\/escolalavilapalamos\/wp-content\/uploads\/usu897\/2018\/09\/clip_image001.jpg\"><\/a>\u00a0Benvolgudes fam\u00edlies,<br \/>\nPer tal de mantenir un correcte i benefici\u00f3s efecte en la salut corporal dels vostres fills\/es, us volem recordar el material i les normes b\u00e0siques i necess\u00e0ries pel correcte desenvolupament de l\u2019\u00e0rea d\u2019Educaci\u00f3 F\u00edsica. Per un bon treball dels h\u00e0bits saludables, recordem que:<\/p>\n<ol>\n<li>Cal&hellip;  <a href=\"https:\/\/agora.xtec.cat\/escolalavilapalamos\/general\/area-deducacio-fisica-2\/\" title=\"Read \u00c0rea d&#8217;Educaci\u00f3 F\u00edsica\">Llegeix m\u00e9s\u00bb<\/a><br \/>\n","protected":false},"author":46,"featured_media":3292,"comment_status":"open","ping_status":"closed","sticky":false,"template":"","format":"standard","meta":{"_bbp_topic_count":0,"_bbp_reply_count":0,"_bbp_total_topic_count":0,"_bbp_total_reply_count":0,"_bbp_voice_count":0,"_bbp_anonymous_reply_count":0,"_bbp_topic_count_hidden":0,"_bbp_reply_count_hidden":0,"_bbp_forum_subforum_count":0,"footnotes":""},"categories":[70,1,4,5],"tags":[],"class_list":["post-3291","post","type-post","status-publish","format-standard","has-post-thumbnail","hentry","category-efi","category-general","category-portada","category-primaria"],"post_mailing_queue_ids":[],"_links":{"self":[{"href":"https:\/\/agora.xtec.cat\/escolalavilapalamos\/wp-json\/wp\/v2\/posts\/3291","targetHints":{"allow":["GET"]}}],"collection":[{"href":"https:\/\/agora.xtec.cat\/escolalavilapalamos\/wp-json\/wp\/v2\/posts"}],"about":[{"href":"https:\/\/agora.xtec.cat\/escolalavilapalamos\/wp-json\/wp\/v2\/types\/post"}],"author":[{"embeddable":true,"href":"https:\/\/agora.xtec.cat\/escolalavilapalamos\/wp-json\/wp\/v2\/users\/46"}],"replies":[{"embeddable":true,"href":"https:\/\/agora.xtec.cat\/escolalavilapalamos\/wp-json\/wp\/v2\/comments?post=3291"}],"version-history":[{"count":3,"href":"https:\/\/agora.xtec.cat\/escolalavilapalamos\/wp-json\/wp\/v2\/posts\/3291\/revisions"}],"predecessor-version":[{"id":6291,"href":"https:\/\/agora.xtec.cat\/escolalavilapalamos\/wp-json\/wp\/v2\/posts\/3291\/revisions\/6291"}],"wp:featuredmedia":[{"embeddable":true,"href":"https:\/\/agora.xtec.cat\/escolalavilapalamos\/wp-json\/wp\/v2\/media\/3292"}],"wp:attachment":[{"href":"https:\/\/agora.xtec.cat\/escolalavilapalamos\/wp-json\/wp\/v2\/media?parent=3291"}],"wp:term":[{"taxonomy":"category","embeddable":true,"href":"https:\/\/agora.xtec.cat\/escolalavilapalamos\/wp-json\/wp\/v2\/categories?post=3291"},{"taxonomy":"post_tag","embeddable":true,"href":"https:\/\/agora.xtec.cat\/escolalavilapalamos\/wp-json\/wp\/v2\/tags?post=3291"}],"curies":[{"name":"wp","href":"https:\/\/api.w.org\/{rel}","templated":true}]}}