{"id":3139,"date":"2019-06-11T08:00:59","date_gmt":"2019-06-11T06:00:59","guid":{"rendered":"http:\/\/agora.xtec.cat\/escolalavilapalamos\/?p=3139"},"modified":"2019-06-11T13:24:40","modified_gmt":"2019-06-11T11:24:40","slug":"5e-fa-lactivitat-a-trenc-dona-2","status":"publish","type":"post","link":"https:\/\/agora.xtec.cat\/escolalavilapalamos\/general\/5e-fa-lactivitat-a-trenc-dona-2\/","title":{"rendered":"5\u00e8 fa l&#8217;activitat A trenc d&#8217;ona"},"content":{"rendered":"<div class=\"post-body entry-content\"><a href=\"http:\/\/agora.xtec.cat\/escolalavilapalamos\/wp-content\/uploads\/usu897\/2017\/05\/DSC_0702.jpg\"><img loading=\"lazy\" decoding=\"async\" class=\"wp-image-1582 alignleft\" src=\"http:\/\/agora.xtec.cat\/escolalavilapalamos\/wp-content\/uploads\/usu897\/2017\/05\/DSC_0702-1024x576.jpg\" alt=\"DSC_0702\" width=\"468\" height=\"263\" srcset=\"https:\/\/agora.xtec.cat\/escolalavilapalamos\/wp-content\/uploads\/usu897\/2017\/05\/DSC_0702-1024x576.jpg 1024w, https:\/\/agora.xtec.cat\/escolalavilapalamos\/wp-content\/uploads\/usu897\/2017\/05\/DSC_0702-300x169.jpg 300w, https:\/\/agora.xtec.cat\/escolalavilapalamos\/wp-content\/uploads\/usu897\/2017\/05\/DSC_0702-768x432.jpg 768w, https:\/\/agora.xtec.cat\/escolalavilapalamos\/wp-content\/uploads\/usu897\/2017\/05\/DSC_0702.jpg 1412w\" sizes=\"auto, (max-width: 468px) 100vw, 468px\" \/><\/a><\/div>\n<div class=\"post-body entry-content\">Dijous 13 i divendres 14 de juny,\u00a0 els\/les alumnes de 5\u00e8 fan l&#8217;activitat <em>A trenc d&#8217;ona<\/em>.<\/div>\n<div class=\"post-body entry-content\"><\/div>\n<div class=\"post-body entry-content\">Aquesta \u00e9s una activitat organitzada per l&#8217;\u00c0rea de Medi ambient de l&#8217;Ajuntament de Palam\u00f3s i realitzen un estudi de tots els \u00e9ssers vius \u00a0que troben a la Platja Pere Grau de Palam\u00f3s, sota el far.<\/div>\n<div class=\"post-body entry-content\"><\/div>\n<div class=\"post-body entry-content\">Cliqueu per veure on anem\u00a0<a href=\"https:\/\/www.google.es\/maps\/search\/platja+pere+grau+de+palamos\/@41.8422151,3.1283375,324m\/data=!3m1!1e3\">aqu\u00ed<\/a>.<\/div>\n<div class=\"post-body entry-content\"><\/div>\n<div class=\"post-body entry-content\">Podeu veure les fotos de l&#8217;activitat aqu\u00ed (en breu)<\/div>\n<div class=\"post-body entry-content\"><\/div>\n<div class=\"post-body entry-content\"><\/div>\n<div class=\"post-body entry-content\">Amb el suport de:<\/div>\n<div class=\"post-body entry-content\">\u00a0<a href=\"http:\/\/agora.xtec.cat\/escolalavilapalamos\/wp-content\/uploads\/usu897\/2017\/04\/logotip.jpg\"><img loading=\"lazy\" decoding=\"async\" class=\" wp-image-1071 alignright\" src=\"http:\/\/agora.xtec.cat\/escolalavilapalamos\/wp-content\/uploads\/usu897\/2017\/04\/logotip.jpg\" alt=\"logotip\" width=\"204\" height=\"85\" \/><\/a><\/div>\n<div class=\"post-body entry-content\"><\/div>\n<div class=\"post-body entry-content\"><\/div>\n<div class=\"post-body entry-content\"><\/div>\n<div class=\"post-body entry-content\"><\/div>\n<div class=\"post-body entry-content\"><\/div>\n<div class=\"post-body entry-content\"><\/div>\n","protected":false},"excerpt":{"rendered":"<p><a href=\"http:\/\/agora.xtec.cat\/escolalavilapalamos\/wp-content\/uploads\/usu897\/2017\/05\/DSC_0702.jpg\"><\/a><br \/>\nDijous 13 i divendres 14 de juny,\u00a0 els\/les alumnes de 5\u00e8 fan l&#8217;activitat A trenc d&#8217;ona.<\/p>\n<p>Aquesta \u00e9s una activitat organitzada per l&#8217;\u00c0rea de Medi ambient de l&#8217;Ajuntament de Palam\u00f3s i realitzen un estudi de tots els \u00e9ssers vius \u00a0que troben a la Platja Pere&hellip;  <a href=\"https:\/\/agora.xtec.cat\/escolalavilapalamos\/general\/5e-fa-lactivitat-a-trenc-dona-2\/\" title=\"Read 5\u00e8 fa l&#8217;activitat A trenc d&#8217;ona\">Llegeix m\u00e9s\u00bb<\/a><\/p>\n","protected":false},"author":1,"featured_media":3141,"comment_status":"open","ping_status":"closed","sticky":false,"template":"","format":"standard","meta":{"_bbp_topic_count":0,"_bbp_reply_count":0,"_bbp_total_topic_count":0,"_bbp_total_reply_count":0,"_bbp_voice_count":0,"_bbp_anonymous_reply_count":0,"_bbp_topic_count_hidden":0,"_bbp_reply_count_hidden":0,"_bbp_forum_subforum_count":0,"footnotes":""},"categories":[1,4,5],"tags":[],"class_list":["post-3139","post","type-post","status-publish","format-standard","has-post-thumbnail","hentry","category-general","category-portada","category-primaria"],"post_mailing_queue_ids":[],"_links":{"self":[{"href":"https:\/\/agora.xtec.cat\/escolalavilapalamos\/wp-json\/wp\/v2\/posts\/3139","targetHints":{"allow":["GET"]}}],"collection":[{"href":"https:\/\/agora.xtec.cat\/escolalavilapalamos\/wp-json\/wp\/v2\/posts"}],"about":[{"href":"https:\/\/agora.xtec.cat\/escolalavilapalamos\/wp-json\/wp\/v2\/types\/post"}],"author":[{"embeddable":true,"href":"https:\/\/agora.xtec.cat\/escolalavilapalamos\/wp-json\/wp\/v2\/users\/1"}],"replies":[{"embeddable":true,"href":"https:\/\/agora.xtec.cat\/escolalavilapalamos\/wp-json\/wp\/v2\/comments?post=3139"}],"version-history":[{"count":3,"href":"https:\/\/agora.xtec.cat\/escolalavilapalamos\/wp-json\/wp\/v2\/posts\/3139\/revisions"}],"predecessor-version":[{"id":6163,"href":"https:\/\/agora.xtec.cat\/escolalavilapalamos\/wp-json\/wp\/v2\/posts\/3139\/revisions\/6163"}],"wp:featuredmedia":[{"embeddable":true,"href":"https:\/\/agora.xtec.cat\/escolalavilapalamos\/wp-json\/wp\/v2\/media\/3141"}],"wp:attachment":[{"href":"https:\/\/agora.xtec.cat\/escolalavilapalamos\/wp-json\/wp\/v2\/media?parent=3139"}],"wp:term":[{"taxonomy":"category","embeddable":true,"href":"https:\/\/agora.xtec.cat\/escolalavilapalamos\/wp-json\/wp\/v2\/categories?post=3139"},{"taxonomy":"post_tag","embeddable":true,"href":"https:\/\/agora.xtec.cat\/escolalavilapalamos\/wp-json\/wp\/v2\/tags?post=3139"}],"curies":[{"name":"wp","href":"https:\/\/api.w.org\/{rel}","templated":true}]}}