{"id":2661,"date":"2019-05-22T08:00:13","date_gmt":"2019-05-22T06:00:13","guid":{"rendered":"http:\/\/agora.xtec.cat\/escolalavilapalamos\/?p=2661"},"modified":"2019-05-30T08:24:44","modified_gmt":"2019-05-30T06:24:44","slug":"5e-visita-larxiu-municipal","status":"publish","type":"post","link":"https:\/\/agora.xtec.cat\/escolalavilapalamos\/general\/5e-visita-larxiu-municipal\/","title":{"rendered":"5\u00e8 Visita l&#8217;Arxiu Municipal"},"content":{"rendered":"<p>El 23 i 24 de maig els\/les alumnes de <strong>5\u00e8 visiten l\u2019 Arxiu Municipal de Palam\u00f3s<\/strong>. A trav\u00e9s d\u2019aquesta activitat, l\u2019Arxiu Municipal fa un rep\u00e0s de les funcions que fan en la cura de la documentaci\u00f3 del poble.<\/p>\n<p>Cliqueu a la foto i veureu tot el que hem vist:<\/p>\n<p><a href=\"https:\/\/photos.app.goo.gl\/Z2uUTa4OGWC84xsn1\"><img loading=\"lazy\" decoding=\"async\" class=\"alignnone \" src=\"http:\/\/agora.xtec.cat\/escolalavilapalamos\/wp-content\/uploads\/usu897\/2017\/03\/servei-arxiu-municipal-palamos-home-slider-2.jpg\" width=\"644\" height=\"322\" \/><\/a><\/p>\n<p>El Servei d\u2019Arxiu Municipal \u00e9s responsable de la salvaguarda, l\u2019organitzaci\u00f3, la gesti\u00f3 i la divulgaci\u00f3 dels documents generats i rebuts per l\u2019Ajuntament de Palam\u00f3s des del s.XIII fins a l\u2019actualitat. Custodia, tamb\u00e9, fons i col\u2022leccions documentals de particulars, associacions i empreses vinculades al municipi.<\/p>\n<p>Com a servei p\u00fablic \u00e9s un element b\u00e0sic de suport a la gesti\u00f3 municipal, una plataforma d\u2019informaci\u00f3 i documentaci\u00f3 a disposici\u00f3 de l\u2019Ajuntament i de la ciutadania. T\u00e9 com a missi\u00f3 la protecci\u00f3 i la recuperaci\u00f3 del patrimoni documental del municipi.<\/p>\n<p>Custodia prop de 1.300 m lineals de documentaci\u00f3, dels quals quasi 50 metres s\u00f3n documents de Palam\u00f3s i de Sant Joan anteriors a l\u2019any 1900. El Servei d\u2019Arxiu ofereix informaci\u00f3 documental i bibliogr\u00e0fica sobre Palam\u00f3s, consulta de documents (amb excepci\u00f3 dels que estan subjectes a restricci\u00f3 legal), suport a la recerca, assessorament sobre tractament de la documentaci\u00f3, activitats pedag\u00f2giques i col\u2022laboraci\u00f3 en iniciatives de difusi\u00f3 del patrimoni del municipi.<\/p>\n<p>Adre\u00e7a: Lugar Parc Paisos Catalans, 0 S\/N -Casa Montaner-, 17230\u00a0 Palam\u00f3s, Girona<br \/>\nPer m\u00e9s informaci\u00f3 web de l\u2019 <a href=\"http:\/\/www.palamos.cat\/palamos\/ajuntament\/punts.aspx?punt=p25\">Arxiu Municipal de Palam\u00f3s<\/a><\/p>\n","protected":false},"excerpt":{"rendered":"<p>El 23 i 24 de maig els\/les alumnes de 5\u00e8 visiten l\u2019 Arxiu Municipal de Palam\u00f3s. A trav\u00e9s d\u2019aquesta activitat, l\u2019Arxiu Municipal fa un rep\u00e0s de les funcions que fan en la cura de la documentaci\u00f3 del poble.<br \/>\nCliqueu a la foto i veureu tot el&hellip;  <a href=\"https:\/\/agora.xtec.cat\/escolalavilapalamos\/general\/5e-visita-larxiu-municipal\/\" title=\"Read 5\u00e8 Visita l&#8217;Arxiu Municipal\">Llegeix m\u00e9s\u00bb<\/a><\/p>\n","protected":false},"author":132,"featured_media":2615,"comment_status":"open","ping_status":"closed","sticky":false,"template":"","format":"standard","meta":{"_bbp_topic_count":0,"_bbp_reply_count":0,"_bbp_total_topic_count":0,"_bbp_total_reply_count":0,"_bbp_voice_count":0,"_bbp_anonymous_reply_count":0,"_bbp_topic_count_hidden":0,"_bbp_reply_count_hidden":0,"_bbp_forum_subforum_count":0,"footnotes":""},"categories":[1,4,5],"tags":[],"class_list":["post-2661","post","type-post","status-publish","format-standard","has-post-thumbnail","hentry","category-general","category-portada","category-primaria"],"post_mailing_queue_ids":[],"_links":{"self":[{"href":"https:\/\/agora.xtec.cat\/escolalavilapalamos\/wp-json\/wp\/v2\/posts\/2661","targetHints":{"allow":["GET"]}}],"collection":[{"href":"https:\/\/agora.xtec.cat\/escolalavilapalamos\/wp-json\/wp\/v2\/posts"}],"about":[{"href":"https:\/\/agora.xtec.cat\/escolalavilapalamos\/wp-json\/wp\/v2\/types\/post"}],"author":[{"embeddable":true,"href":"https:\/\/agora.xtec.cat\/escolalavilapalamos\/wp-json\/wp\/v2\/users\/132"}],"replies":[{"embeddable":true,"href":"https:\/\/agora.xtec.cat\/escolalavilapalamos\/wp-json\/wp\/v2\/comments?post=2661"}],"version-history":[{"count":3,"href":"https:\/\/agora.xtec.cat\/escolalavilapalamos\/wp-json\/wp\/v2\/posts\/2661\/revisions"}],"predecessor-version":[{"id":5962,"href":"https:\/\/agora.xtec.cat\/escolalavilapalamos\/wp-json\/wp\/v2\/posts\/2661\/revisions\/5962"}],"wp:featuredmedia":[{"embeddable":true,"href":"https:\/\/agora.xtec.cat\/escolalavilapalamos\/wp-json\/wp\/v2\/media\/2615"}],"wp:attachment":[{"href":"https:\/\/agora.xtec.cat\/escolalavilapalamos\/wp-json\/wp\/v2\/media?parent=2661"}],"wp:term":[{"taxonomy":"category","embeddable":true,"href":"https:\/\/agora.xtec.cat\/escolalavilapalamos\/wp-json\/wp\/v2\/categories?post=2661"},{"taxonomy":"post_tag","embeddable":true,"href":"https:\/\/agora.xtec.cat\/escolalavilapalamos\/wp-json\/wp\/v2\/tags?post=2661"}],"curies":[{"name":"wp","href":"https:\/\/api.w.org\/{rel}","templated":true}]}}