{"id":197,"date":"2020-01-21T08:00:58","date_gmt":"2020-01-21T07:00:58","guid":{"rendered":"http:\/\/agora.xtec.cat\/escolalavilapalamos\/?p=197"},"modified":"2020-01-30T12:54:20","modified_gmt":"2020-01-30T11:54:20","slug":"suspeses-les-classes","status":"publish","type":"post","link":"https:\/\/agora.xtec.cat\/escolalavilapalamos\/general\/suspeses-les-classes\/","title":{"rendered":"Suspeses les classes pel temporal de Llevant"},"content":{"rendered":"<p><a href=\"https:\/\/agora.xtec.cat\/escolalavilapalamos\/wp-content\/uploads\/usu897\/2016\/09\/Port-de-Palamo\u0301s-durant-el-temporal-Glo\u0300ria-Imatge-dels-Mossos-dEsquadra.jpg\"><img loading=\"lazy\" decoding=\"async\" class=\"wp-image-7154 alignright\" src=\"https:\/\/agora.xtec.cat\/escolalavilapalamos\/wp-content\/uploads\/usu897\/2016\/09\/Port-de-Palamo\u0301s-durant-el-temporal-Glo\u0300ria-Imatge-dels-Mossos-dEsquadra.jpg\" alt=\"\" width=\"379\" height=\"245\" srcset=\"https:\/\/agora.xtec.cat\/escolalavilapalamos\/wp-content\/uploads\/usu897\/2016\/09\/Port-de-Palamo\u0301s-durant-el-temporal-Glo\u0300ria-Imatge-dels-Mossos-dEsquadra.jpg 696w, https:\/\/agora.xtec.cat\/escolalavilapalamos\/wp-content\/uploads\/usu897\/2016\/09\/Port-de-Palamo\u0301s-durant-el-temporal-Glo\u0300ria-Imatge-dels-Mossos-dEsquadra-300x194.jpg 300w\" sizes=\"auto, (max-width: 379px) 100vw, 379px\" \/><\/a>L&#8217;escola La Vila<strong> susp\u00e8n les classes dimarts 21 i dijous 23 de gener pel fort temporal de Llevant. <\/strong><\/p>\n<p><strong>Divendres 24 de gener les classes es reprendran amb normalitat.<\/strong><\/p>\n<p>El temporal Gl\u00f2ria \u00e9s un temporal de Llevant que afecta tot Catalunya. Hi ha avisos de protecci\u00f3 civil d&#8217;evitar la mobilitat de les fam\u00edlies i els mestres. La previsi\u00f3 \u00e9s de fortes pluges, acumulaci\u00f3 d&#8217;aigua, gran pujada dels nivells dels rius de la zona de Girona i mala mar amb onades de fins a 14 metres.<\/p>\n<p>A la\u00a0pen\u00ednsula Ib\u00e8rica, la llevantada o temporal de llevant, afecta principalment les zones costaneres de\u00a0Catalunya,\u00a0Pa\u00eds Valenci\u00e0\u00a0i lesIlles Balears, al\u00a0Mar d&#8217;Alboran\u00a0i a l&#8217;estret de Gibraltar. \u00c9s un vent humit i fred, segons l&#8217;\u00e8poca de l&#8217;any i la situaci\u00f3 en altura pot provocar nevades en cotes molt baixes. A la costa, el llevant afecta especialment l&#8217;estat del mar, al\u00e7ant un fort onatge, que pot provocar danys importants en platges i ports.<\/p>\n<p>Us podeu descarregar el comunicat de l&#8217;escola <a href=\"https:\/\/drive.google.com\/file\/d\/1xPfgaNy_Go4JUMKkeUoyMuH6rTD1sK43\/view?usp=sharing\">aqu\u00ed<\/a><\/p>\n<p>Seguiu els avisos de <a href=\"https:\/\/interior.gencat.cat\/ca\/arees_dactuacio\/proteccio_civil\/\">protecci\u00f3 civil. <\/a>Tamb\u00e9 en podeu fer el seguiment per <a href=\"https:\/\/twitter.com\/emergenciescat\">twitter\u00a0<\/a><\/p>\n","protected":false},"excerpt":{"rendered":"<p><a href=\"https:\/\/agora.xtec.cat\/escolalavilapalamos\/wp-content\/uploads\/usu897\/2016\/09\/Port-de-Palamo\u0301s-durant-el-temporal-Glo\u0300ria-Imatge-dels-Mossos-dEsquadra.jpg\"><\/a>L&#8217;escola La Vila susp\u00e8n les classes dimarts 21 i dijous 23 de gener pel fort temporal de Llevant.<br \/>\nDivendres 24 de gener les classes es reprendran amb normalitat.<br \/>\nEl temporal Gl\u00f2ria \u00e9s un temporal de Llevant que afecta tot Catalunya. Hi ha avisos de protecci\u00f3&hellip;  <a href=\"https:\/\/agora.xtec.cat\/escolalavilapalamos\/general\/suspeses-les-classes\/\" title=\"Read Suspeses les classes pel temporal de Llevant\">Llegeix m\u00e9s\u00bb<\/a><\/p>\n","protected":false},"author":1,"featured_media":7154,"comment_status":"open","ping_status":"closed","sticky":false,"template":"","format":"standard","meta":{"_bbp_topic_count":0,"_bbp_reply_count":0,"_bbp_total_topic_count":0,"_bbp_total_reply_count":0,"_bbp_voice_count":0,"_bbp_anonymous_reply_count":0,"_bbp_topic_count_hidden":0,"_bbp_reply_count_hidden":0,"_bbp_forum_subforum_count":0,"footnotes":""},"categories":[2,1,4],"tags":[],"class_list":["post-197","post","type-post","status-publish","format-standard","has-post-thumbnail","hentry","category-infantil","category-general","category-portada"],"post_mailing_queue_ids":[],"_links":{"self":[{"href":"https:\/\/agora.xtec.cat\/escolalavilapalamos\/wp-json\/wp\/v2\/posts\/197","targetHints":{"allow":["GET"]}}],"collection":[{"href":"https:\/\/agora.xtec.cat\/escolalavilapalamos\/wp-json\/wp\/v2\/posts"}],"about":[{"href":"https:\/\/agora.xtec.cat\/escolalavilapalamos\/wp-json\/wp\/v2\/types\/post"}],"author":[{"embeddable":true,"href":"https:\/\/agora.xtec.cat\/escolalavilapalamos\/wp-json\/wp\/v2\/users\/1"}],"replies":[{"embeddable":true,"href":"https:\/\/agora.xtec.cat\/escolalavilapalamos\/wp-json\/wp\/v2\/comments?post=197"}],"version-history":[{"count":4,"href":"https:\/\/agora.xtec.cat\/escolalavilapalamos\/wp-json\/wp\/v2\/posts\/197\/revisions"}],"predecessor-version":[{"id":7158,"href":"https:\/\/agora.xtec.cat\/escolalavilapalamos\/wp-json\/wp\/v2\/posts\/197\/revisions\/7158"}],"wp:featuredmedia":[{"embeddable":true,"href":"https:\/\/agora.xtec.cat\/escolalavilapalamos\/wp-json\/wp\/v2\/media\/7154"}],"wp:attachment":[{"href":"https:\/\/agora.xtec.cat\/escolalavilapalamos\/wp-json\/wp\/v2\/media?parent=197"}],"wp:term":[{"taxonomy":"category","embeddable":true,"href":"https:\/\/agora.xtec.cat\/escolalavilapalamos\/wp-json\/wp\/v2\/categories?post=197"},{"taxonomy":"post_tag","embeddable":true,"href":"https:\/\/agora.xtec.cat\/escolalavilapalamos\/wp-json\/wp\/v2\/tags?post=197"}],"curies":[{"name":"wp","href":"https:\/\/api.w.org\/{rel}","templated":true}]}}