{"id":1755,"date":"2019-06-20T08:00:41","date_gmt":"2019-06-20T06:00:41","guid":{"rendered":"http:\/\/agora.xtec.cat\/escolalavilapalamos\/?p=1755"},"modified":"2019-06-28T12:26:58","modified_gmt":"2019-06-28T10:26:58","slug":"periode-de-matriculacio-a-infantil-i-primaria","status":"publish","type":"post","link":"https:\/\/agora.xtec.cat\/escolalavilapalamos\/general\/periode-de-matriculacio-a-infantil-i-primaria\/","title":{"rendered":"Per\u00edode de matriculaci\u00f3 a Infantil i Prim\u00e0ria"},"content":{"rendered":"<p>D<a href=\"http:\/\/agora.xtec.cat\/escolalavilapalamos\/wp-content\/uploads\/usu897\/2014\/10\/matricula.jpg\"><img loading=\"lazy\" decoding=\"async\" class=\" wp-image-1671 alignright\" src=\"http:\/\/agora.xtec.cat\/escolalavilapalamos\/wp-content\/uploads\/usu897\/2014\/10\/matricula.jpg\" alt=\"matricula\" width=\"248\" height=\"253\" srcset=\"https:\/\/agora.xtec.cat\/escolalavilapalamos\/wp-content\/uploads\/usu897\/2014\/10\/matricula.jpg 320w, https:\/\/agora.xtec.cat\/escolalavilapalamos\/wp-content\/uploads\/usu897\/2014\/10\/matricula-294x300.jpg 294w\" sizes=\"auto, (max-width: 248px) 100vw, 248px\" \/><\/a>el\u00a0<strong>dilluns 17 al divendres 26 de juny<\/strong>\u00a0s&#8217;obre el per\u00edode per formalitzar la\u00a0<strong>matr\u00edcula dels alumnes d&#8217;educaci\u00f3 infantil i prim\u00e0ria pel curs 2019-20. <\/strong>Cal que consulteu la llista d&#8217;admesos del per\u00edode de la preinscripci\u00f3 que trobareu penjada al taulell d&#8217;anuncis de l&#8217;escola, per saber si podeu matricular el nen\/a. La llista d&#8217;admesos es penja el 12 de juny.<\/p>\n<p>Els alumnes que no formalitzen la matr\u00edcula en el per\u00edode establert es considera que renuncien a la pla\u00e7a adjudicada.<\/p>\n<p>Tota\u00a0<strong>la documentaci\u00f3<\/strong> per la matr\u00edcula us la podeu descarregar <a href=\"https:\/\/drive.google.com\/file\/d\/1enI1wD1HhwtsiQBsZs4asPclfpXCpc0T\/view?usp=sharing\">aqu\u00ed<\/a>. <a href=\"https:\/\/drive.google.com\/file\/d\/1jjTpeZIrg6DKqf7sSo3nuTJ0b9yMHLqY\/view?usp=sharing\">Quotes d&#8217;inici de curs per alumnes nous<\/a> \u00a0<a href=\"https:\/\/drive.google.com\/file\/d\/1Selsc2CPiXDRTACe3rSlUWN7RzUUcnFz\/view?usp=sharing\">Nota informativa <\/a>\u00a0<a href=\"https:\/\/drive.google.com\/file\/d\/1OaWchN7-y9mNl_icP3a3V2w65Jlxa4ip\/view?usp=sharing\">Autoritzaci\u00f3 de l&#8217;AMPA<\/a><\/p>\n<p>Cal portar\u00a0<strong>fotoc\u00f2pia del llibre de vacunes<\/strong>\u00a0i\u00a0<strong>tres fotografies<\/strong>\u00a0mida carnet del\/de la vostre\/a fill\/a.<\/p>\n<p>M\u00e9s informaci\u00f3 a la\u00a0<a href=\"http:\/\/queestudiar.gencat.cat\/ca\/preinscripcio\/estudis\/obligatoris\/matricula\/\">web del Departament d&#8217;Ensenyament<\/a>.<\/p>\n","protected":false},"excerpt":{"rendered":"<p>D<a href=\"http:\/\/agora.xtec.cat\/escolalavilapalamos\/wp-content\/uploads\/usu897\/2014\/10\/matricula.jpg\"><\/a>el\u00a0dilluns 17 al divendres 26 de juny\u00a0s&#8217;obre el per\u00edode per formalitzar la\u00a0matr\u00edcula dels alumnes d&#8217;educaci\u00f3 infantil i prim\u00e0ria pel curs 2019-20. Cal que consulteu la llista d&#8217;admesos del per\u00edode de la preinscripci\u00f3 que trobareu penjada al taulell d&#8217;anuncis de l&#8217;escola, per saber si podeu&hellip;  <a href=\"https:\/\/agora.xtec.cat\/escolalavilapalamos\/general\/periode-de-matriculacio-a-infantil-i-primaria\/\" title=\"Read Per\u00edode de matriculaci\u00f3 a Infantil i Prim\u00e0ria\">Llegeix m\u00e9s\u00bb<\/a><\/p>\n","protected":false},"author":1,"featured_media":1671,"comment_status":"open","ping_status":"closed","sticky":false,"template":"","format":"standard","meta":{"_bbp_topic_count":0,"_bbp_reply_count":0,"_bbp_total_topic_count":0,"_bbp_total_reply_count":0,"_bbp_voice_count":0,"_bbp_anonymous_reply_count":0,"_bbp_topic_count_hidden":0,"_bbp_reply_count_hidden":0,"_bbp_forum_subforum_count":0,"footnotes":""},"categories":[2,1,4,5],"tags":[],"class_list":["post-1755","post","type-post","status-publish","format-standard","has-post-thumbnail","hentry","category-infantil","category-general","category-portada","category-primaria"],"post_mailing_queue_ids":[],"_links":{"self":[{"href":"https:\/\/agora.xtec.cat\/escolalavilapalamos\/wp-json\/wp\/v2\/posts\/1755","targetHints":{"allow":["GET"]}}],"collection":[{"href":"https:\/\/agora.xtec.cat\/escolalavilapalamos\/wp-json\/wp\/v2\/posts"}],"about":[{"href":"https:\/\/agora.xtec.cat\/escolalavilapalamos\/wp-json\/wp\/v2\/types\/post"}],"author":[{"embeddable":true,"href":"https:\/\/agora.xtec.cat\/escolalavilapalamos\/wp-json\/wp\/v2\/users\/1"}],"replies":[{"embeddable":true,"href":"https:\/\/agora.xtec.cat\/escolalavilapalamos\/wp-json\/wp\/v2\/comments?post=1755"}],"version-history":[{"count":4,"href":"https:\/\/agora.xtec.cat\/escolalavilapalamos\/wp-json\/wp\/v2\/posts\/1755\/revisions"}],"predecessor-version":[{"id":6253,"href":"https:\/\/agora.xtec.cat\/escolalavilapalamos\/wp-json\/wp\/v2\/posts\/1755\/revisions\/6253"}],"wp:featuredmedia":[{"embeddable":true,"href":"https:\/\/agora.xtec.cat\/escolalavilapalamos\/wp-json\/wp\/v2\/media\/1671"}],"wp:attachment":[{"href":"https:\/\/agora.xtec.cat\/escolalavilapalamos\/wp-json\/wp\/v2\/media?parent=1755"}],"wp:term":[{"taxonomy":"category","embeddable":true,"href":"https:\/\/agora.xtec.cat\/escolalavilapalamos\/wp-json\/wp\/v2\/categories?post=1755"},{"taxonomy":"post_tag","embeddable":true,"href":"https:\/\/agora.xtec.cat\/escolalavilapalamos\/wp-json\/wp\/v2\/tags?post=1755"}],"curies":[{"name":"wp","href":"https:\/\/api.w.org\/{rel}","templated":true}]}}