{"id":1689,"date":"2019-06-14T10:14:50","date_gmt":"2019-06-14T08:14:50","guid":{"rendered":"http:\/\/agora.xtec.cat\/escolalavilapalamos\/?p=1689"},"modified":"2019-06-19T12:04:45","modified_gmt":"2019-06-19T10:04:45","slug":"quimica-a-lescola","status":"publish","type":"post","link":"https:\/\/agora.xtec.cat\/escolalavilapalamos\/general\/quimica-a-lescola\/","title":{"rendered":"Qu\u00edmica a l&#8217;escola"},"content":{"rendered":"<p><a href=\"http:\/\/agora.xtec.cat\/escolalavilapalamos\/wp-content\/uploads\/usu897\/2017\/06\/index.jpg\"><img loading=\"lazy\" decoding=\"async\" class=\"size-full wp-image-1690 alignleft\" src=\"http:\/\/agora.xtec.cat\/escolalavilapalamos\/wp-content\/uploads\/usu897\/2017\/06\/index.jpg\" alt=\"index\" width=\"352\" height=\"143\" srcset=\"https:\/\/agora.xtec.cat\/escolalavilapalamos\/wp-content\/uploads\/usu897\/2017\/06\/index.jpg 352w, https:\/\/agora.xtec.cat\/escolalavilapalamos\/wp-content\/uploads\/usu897\/2017\/06\/index-300x122.jpg 300w\" sizes=\"auto, (max-width: 352px) 100vw, 352px\" \/><\/a>Dimecres 19 de juny venen els alumnes de Batxillerat de l&#8217; <strong>Einstein-Gymnasium Rheda-Wiedenbr\u00fcck<\/strong> (Alemanya) a la nostra escola. <a href=\"https:\/\/agora.xtec.cat\/escolalavilapalamos\/wp-content\/uploads\/usu897\/2017\/06\/WhatsApp-Image-2019-06-19-at-08.56.26.jpeg\"><img loading=\"lazy\" decoding=\"async\" class=\"wp-image-6212 alignright\" src=\"https:\/\/agora.xtec.cat\/escolalavilapalamos\/wp-content\/uploads\/usu897\/2017\/06\/WhatsApp-Image-2019-06-19-at-08.56.26-732x1024.jpeg\" alt=\"\" width=\"278\" height=\"389\" srcset=\"https:\/\/agora.xtec.cat\/escolalavilapalamos\/wp-content\/uploads\/usu897\/2017\/06\/WhatsApp-Image-2019-06-19-at-08.56.26-732x1024.jpeg 732w, https:\/\/agora.xtec.cat\/escolalavilapalamos\/wp-content\/uploads\/usu897\/2017\/06\/WhatsApp-Image-2019-06-19-at-08.56.26-214x300.jpeg 214w, https:\/\/agora.xtec.cat\/escolalavilapalamos\/wp-content\/uploads\/usu897\/2017\/06\/WhatsApp-Image-2019-06-19-at-08.56.26-768x1075.jpeg 768w, https:\/\/agora.xtec.cat\/escolalavilapalamos\/wp-content\/uploads\/usu897\/2017\/06\/WhatsApp-Image-2019-06-19-at-08.56.26.jpeg 903w\" sizes=\"auto, (max-width: 278px) 100vw, 278px\" \/><\/a>Faran experiments qu\u00edmics amb els alumnes de 5\u00e8 segons les indicacions i normatives de la Universitat de Bielefeld.<\/p>\n<p>Els experiments es fan en angl\u00e8s a English dins una activitat de science i d&#8217;\u00fas de l&#8217;angl\u00e8s a l&#8217;aula entre les 9.00 y les 12.30 h.<\/p>\n<p>Els temes s\u00f3n l&#8217;aviaci\u00f3, el sucre i el medi ambient. Podeu veure totes les fotos de l&#8217;activitat clicant <a href=\"https:\/\/photos.app.goo.gl\/xgCUgWYGCjrPozjL7\">aqu\u00ed<\/a><\/p>\n<p>&nbsp;<\/p>\n<p>&nbsp;<\/p>\n","protected":false},"excerpt":{"rendered":"<p><a href=\"http:\/\/agora.xtec.cat\/escolalavilapalamos\/wp-content\/uploads\/usu897\/2017\/06\/index.jpg\"><\/a>Dimecres 19 de juny venen els alumnes de Batxillerat de l&#8217; Einstein-Gymnasium Rheda-Wiedenbr\u00fcck (Alemanya) a la nostra escola. <a href=\"https:\/\/agora.xtec.cat\/escolalavilapalamos\/wp-content\/uploads\/usu897\/2017\/06\/WhatsApp-Image-2019-06-19-at-08.56.26.jpeg\"><\/a>Faran experiments qu\u00edmics amb els alumnes de 5\u00e8 segons les indicacions i normatives de la Universitat de Bielefeld.<br \/>\nEls experiments es fan en angl\u00e8s a English&hellip;  <a href=\"https:\/\/agora.xtec.cat\/escolalavilapalamos\/general\/quimica-a-lescola\/\" title=\"Read Qu\u00edmica a l&#8217;escola\">Llegeix m\u00e9s\u00bb<\/a><\/p>\n","protected":false},"author":1,"featured_media":1691,"comment_status":"open","ping_status":"closed","sticky":false,"template":"","format":"standard","meta":{"_bbp_topic_count":0,"_bbp_reply_count":0,"_bbp_total_topic_count":0,"_bbp_total_reply_count":0,"_bbp_voice_count":0,"_bbp_anonymous_reply_count":0,"_bbp_topic_count_hidden":0,"_bbp_reply_count_hidden":0,"_bbp_forum_subforum_count":0,"footnotes":""},"categories":[69,67,1,4,5],"tags":[],"class_list":["post-1689","post","type-post","status-publish","format-standard","has-post-thumbnail","hentry","category-english","category-especialistes","category-general","category-portada","category-primaria"],"post_mailing_queue_ids":[],"_links":{"self":[{"href":"https:\/\/agora.xtec.cat\/escolalavilapalamos\/wp-json\/wp\/v2\/posts\/1689","targetHints":{"allow":["GET"]}}],"collection":[{"href":"https:\/\/agora.xtec.cat\/escolalavilapalamos\/wp-json\/wp\/v2\/posts"}],"about":[{"href":"https:\/\/agora.xtec.cat\/escolalavilapalamos\/wp-json\/wp\/v2\/types\/post"}],"author":[{"embeddable":true,"href":"https:\/\/agora.xtec.cat\/escolalavilapalamos\/wp-json\/wp\/v2\/users\/1"}],"replies":[{"embeddable":true,"href":"https:\/\/agora.xtec.cat\/escolalavilapalamos\/wp-json\/wp\/v2\/comments?post=1689"}],"version-history":[{"count":3,"href":"https:\/\/agora.xtec.cat\/escolalavilapalamos\/wp-json\/wp\/v2\/posts\/1689\/revisions"}],"predecessor-version":[{"id":6215,"href":"https:\/\/agora.xtec.cat\/escolalavilapalamos\/wp-json\/wp\/v2\/posts\/1689\/revisions\/6215"}],"wp:featuredmedia":[{"embeddable":true,"href":"https:\/\/agora.xtec.cat\/escolalavilapalamos\/wp-json\/wp\/v2\/media\/1691"}],"wp:attachment":[{"href":"https:\/\/agora.xtec.cat\/escolalavilapalamos\/wp-json\/wp\/v2\/media?parent=1689"}],"wp:term":[{"taxonomy":"category","embeddable":true,"href":"https:\/\/agora.xtec.cat\/escolalavilapalamos\/wp-json\/wp\/v2\/categories?post=1689"},{"taxonomy":"post_tag","embeddable":true,"href":"https:\/\/agora.xtec.cat\/escolalavilapalamos\/wp-json\/wp\/v2\/tags?post=1689"}],"curies":[{"name":"wp","href":"https:\/\/api.w.org\/{rel}","templated":true}]}}