{"id":16736,"date":"2026-04-28T15:58:32","date_gmt":"2026-04-28T13:58:32","guid":{"rendered":"https:\/\/agora.xtec.cat\/escolalavilapalamos\/?p=16736"},"modified":"2026-04-28T15:58:32","modified_gmt":"2026-04-28T13:58:32","slug":"convocatoria-beques-de-menjador-pel-curs-26-27","status":"publish","type":"post","link":"https:\/\/agora.xtec.cat\/escolalavilapalamos\/general\/convocatoria-beques-de-menjador-pel-curs-26-27\/","title":{"rendered":"Convocat\u00f2ria beques de menjador pel curs 26-27"},"content":{"rendered":"<p><a href=\"https:\/\/www.baixemporda.cat\/ca\/arees\/ensenyament\/ajuts-economics-beques\/ajuts-economics-individuals-de-menjador-escolar\/\"><img loading=\"lazy\" decoding=\"async\" class=\"aligncenter size-full wp-image-16737\" src=\"https:\/\/agora.xtec.cat\/escolalavilapalamos\/wp-content\/uploads\/usu897\/2026\/04\/26-27_-AJUTS-ECONOMICS-MENJADOR-ESCOLAR.png\" alt=\"\" width=\"500\" height=\"500\" srcset=\"https:\/\/agora.xtec.cat\/escolalavilapalamos\/wp-content\/uploads\/usu897\/2026\/04\/26-27_-AJUTS-ECONOMICS-MENJADOR-ESCOLAR.png 500w, https:\/\/agora.xtec.cat\/escolalavilapalamos\/wp-content\/uploads\/usu897\/2026\/04\/26-27_-AJUTS-ECONOMICS-MENJADOR-ESCOLAR-300x300.png 300w, https:\/\/agora.xtec.cat\/escolalavilapalamos\/wp-content\/uploads\/usu897\/2026\/04\/26-27_-AJUTS-ECONOMICS-MENJADOR-ESCOLAR-150x150.png 150w\" sizes=\"auto, (max-width: 500px) 100vw, 500px\" \/><\/a><\/p>\n<p style=\"font-weight: 400;\">Us informem que el per\u00edode ordinari de la <strong>convocat\u00f2ria d\u2019ajuts econ\u00f2mics individuals de menjador per al curs\u00a02026-2027<\/strong> ser\u00e0 del <strong>4 de maig a\u00a0 les 9h<\/strong> <strong>al 29 de maig a les 14h.<\/strong><\/p>\n<p style=\"font-weight: 400;\">Pel que fa a l\u2019alumnat que iniciar\u00e0\u00a0<strong>I3<\/strong>\u00a0o que sigui de nova matr\u00edcula, la sol\u00b7licitud es podr\u00e0 tramitar tant dins del per\u00edode ordinari com durant el per\u00edode de matriculaci\u00f3.<\/p>\n<p>Podeu fer el tr\u00e0mit virtual o presencialment (a l\u2019Oficina d\u2019Assist\u00e8ncia en Mat\u00e8ria de Registre (OAMR) del Consell Comarcal del Baix Empord\u00e0.)<\/p>\n<p>Trobareu tota la informaci\u00f3 relacionada amb aquesta convocat\u00f2ria, aix\u00ed com l\u2019enlla\u00e7 per poder accedir-hi clicant damunt de la imatge<a href=\"https:\/\/www.baixemporda.cat\/ca\/arees\/ensenyament\/ajuts-economics-beques\/ajuts-economics-individuals-de-menjador-escolar\/\">.<\/a><\/p>\n<p><a href=\"https:\/\/drive.google.com\/file\/d\/17jQlzC2LsD1dtyJZE_aWYN7XJLEEYoet\/view?usp=sharing\">Bases i informaci\u00f3 de la convocat\u00f2ria 2025-2026<\/a><\/p>\n<p style=\"font-weight: 400;\">Com a novetat, aquest curs ser\u00e0\u00a0<strong>imprescindible indicar el n\u00famero de compte bancari<\/strong>\u00a0en la sol\u00b7licitud.<\/p>\n","protected":false},"excerpt":{"rendered":"<p><a href=\"https:\/\/www.baixemporda.cat\/ca\/arees\/ensenyament\/ajuts-economics-beques\/ajuts-economics-individuals-de-menjador-escolar\/\"><\/a><br \/>\nUs informem que el per\u00edode ordinari de la convocat\u00f2ria d\u2019ajuts econ\u00f2mics individuals de menjador per al curs\u00a02026-2027 ser\u00e0 del 4 de maig a\u00a0 les 9h al 29 de maig a les 14h.<br \/>\nPel que fa a l\u2019alumnat que iniciar\u00e0\u00a0I3\u00a0o que sigui de nova matr\u00edcula, la&hellip;  <a href=\"https:\/\/agora.xtec.cat\/escolalavilapalamos\/general\/convocatoria-beques-de-menjador-pel-curs-26-27\/\" title=\"Read Convocat\u00f2ria beques de menjador pel curs 26-27\">Llegeix m\u00e9s\u00bb<\/a><\/p>\n","protected":false},"author":1,"featured_media":0,"comment_status":"open","ping_status":"open","sticky":false,"template":"","format":"standard","meta":{"_bbp_topic_count":0,"_bbp_reply_count":0,"_bbp_total_topic_count":0,"_bbp_total_reply_count":0,"_bbp_voice_count":0,"_bbp_anonymous_reply_count":0,"_bbp_topic_count_hidden":0,"_bbp_reply_count_hidden":0,"_bbp_forum_subforum_count":0,"footnotes":""},"categories":[1,4],"tags":[],"class_list":["post-16736","post","type-post","status-publish","format-standard","hentry","category-general","category-portada"],"post_mailing_queue_ids":[],"_links":{"self":[{"href":"https:\/\/agora.xtec.cat\/escolalavilapalamos\/wp-json\/wp\/v2\/posts\/16736","targetHints":{"allow":["GET"]}}],"collection":[{"href":"https:\/\/agora.xtec.cat\/escolalavilapalamos\/wp-json\/wp\/v2\/posts"}],"about":[{"href":"https:\/\/agora.xtec.cat\/escolalavilapalamos\/wp-json\/wp\/v2\/types\/post"}],"author":[{"embeddable":true,"href":"https:\/\/agora.xtec.cat\/escolalavilapalamos\/wp-json\/wp\/v2\/users\/1"}],"replies":[{"embeddable":true,"href":"https:\/\/agora.xtec.cat\/escolalavilapalamos\/wp-json\/wp\/v2\/comments?post=16736"}],"version-history":[{"count":4,"href":"https:\/\/agora.xtec.cat\/escolalavilapalamos\/wp-json\/wp\/v2\/posts\/16736\/revisions"}],"predecessor-version":[{"id":16741,"href":"https:\/\/agora.xtec.cat\/escolalavilapalamos\/wp-json\/wp\/v2\/posts\/16736\/revisions\/16741"}],"wp:attachment":[{"href":"https:\/\/agora.xtec.cat\/escolalavilapalamos\/wp-json\/wp\/v2\/media?parent=16736"}],"wp:term":[{"taxonomy":"category","embeddable":true,"href":"https:\/\/agora.xtec.cat\/escolalavilapalamos\/wp-json\/wp\/v2\/categories?post=16736"},{"taxonomy":"post_tag","embeddable":true,"href":"https:\/\/agora.xtec.cat\/escolalavilapalamos\/wp-json\/wp\/v2\/tags?post=16736"}],"curies":[{"name":"wp","href":"https:\/\/api.w.org\/{rel}","templated":true}]}}