{"id":16732,"date":"2026-04-29T14:52:44","date_gmt":"2026-04-29T12:52:44","guid":{"rendered":"https:\/\/agora.xtec.cat\/escolalavilapalamos\/?p=16732"},"modified":"2026-04-29T14:52:44","modified_gmt":"2026-04-29T12:52:44","slug":"el-club-dels-llibres-a-1r","status":"publish","type":"post","link":"https:\/\/agora.xtec.cat\/escolalavilapalamos\/general\/el-club-dels-llibres-a-1r\/","title":{"rendered":"EL CLUB DELS LLIBRES A 1r"},"content":{"rendered":"<p>Durant la setmana de Sant Jordi els nens i nenes de 1r van poder portar a l\u2019aula els seus llibres preferits i fer una presentaci\u00f3 davant de tota la classe. Aquesta activitat en ha donat l&#8217;ocasi\u00f3 per iniciar el nostre Club dels llibres amb recomanacions. Cada setmana l&#8217;alumnat de primer haur\u00e0 d&#8217;anar a la Biblioteca municipal a escollir un llibre segons els seus interessos i gustos, quan l&#8217;hagi acabat de llegir, el divendres el podr\u00e0 presentar a la resta de companys i companyes. Aquesta din\u00e0mica ens ajudar\u00e0 a fomentar l&#8217;h\u00e0bit i el gust per la lectura.<\/p>\n<p>Podreu veure totes les fotos a la carpeta de Sant Jordi del Drive.<\/p>\n<p><a href=\"https:\/\/agora.xtec.cat\/escolalavilapalamos\/wp-content\/uploads\/usu897\/2026\/04\/PHOTO-2026-04-27-13-38-59-1.jpg\"><img loading=\"lazy\" decoding=\"async\" class=\"alignnone size-medium wp-image-16746\" src=\"https:\/\/agora.xtec.cat\/escolalavilapalamos\/wp-content\/uploads\/usu897\/2026\/04\/PHOTO-2026-04-27-13-38-59-1-300x225.jpg\" alt=\"\" width=\"300\" height=\"225\" srcset=\"https:\/\/agora.xtec.cat\/escolalavilapalamos\/wp-content\/uploads\/usu897\/2026\/04\/PHOTO-2026-04-27-13-38-59-1-300x225.jpg 300w, https:\/\/agora.xtec.cat\/escolalavilapalamos\/wp-content\/uploads\/usu897\/2026\/04\/PHOTO-2026-04-27-13-38-59-1-1024x768.jpg 1024w, https:\/\/agora.xtec.cat\/escolalavilapalamos\/wp-content\/uploads\/usu897\/2026\/04\/PHOTO-2026-04-27-13-38-59-1-768x576.jpg 768w, https:\/\/agora.xtec.cat\/escolalavilapalamos\/wp-content\/uploads\/usu897\/2026\/04\/PHOTO-2026-04-27-13-38-59-1-1536x1152.jpg 1536w, https:\/\/agora.xtec.cat\/escolalavilapalamos\/wp-content\/uploads\/usu897\/2026\/04\/PHOTO-2026-04-27-13-38-59-1-200x150.jpg 200w, https:\/\/agora.xtec.cat\/escolalavilapalamos\/wp-content\/uploads\/usu897\/2026\/04\/PHOTO-2026-04-27-13-38-59-1.jpg 1600w\" sizes=\"auto, (max-width: 300px) 100vw, 300px\" \/><\/a><\/p>\n","protected":false},"excerpt":{"rendered":"<p>Durant la setmana de Sant Jordi els nens i nenes de 1r van poder portar a l\u2019aula els seus llibres preferits i fer una presentaci\u00f3 davant de tota la classe. Aquesta activitat en ha donat l&#8217;ocasi\u00f3 per iniciar el nostre Club dels llibres amb recomanacions.&hellip;  <a href=\"https:\/\/agora.xtec.cat\/escolalavilapalamos\/general\/el-club-dels-llibres-a-1r\/\" title=\"Read EL CLUB DELS LLIBRES A 1r\">Llegeix m\u00e9s\u00bb<\/a><\/p>\n","protected":false},"author":131,"featured_media":0,"comment_status":"open","ping_status":"open","sticky":false,"template":"","format":"standard","meta":{"_bbp_topic_count":0,"_bbp_reply_count":0,"_bbp_total_topic_count":0,"_bbp_total_reply_count":0,"_bbp_voice_count":0,"_bbp_anonymous_reply_count":0,"_bbp_topic_count_hidden":0,"_bbp_reply_count_hidden":0,"_bbp_forum_subforum_count":0,"footnotes":""},"categories":[127,1,4],"tags":[],"class_list":["post-16732","post","type-post","status-publish","format-standard","hentry","category-comunitat-de-mitjans","category-general","category-portada"],"post_mailing_queue_ids":[],"_links":{"self":[{"href":"https:\/\/agora.xtec.cat\/escolalavilapalamos\/wp-json\/wp\/v2\/posts\/16732","targetHints":{"allow":["GET"]}}],"collection":[{"href":"https:\/\/agora.xtec.cat\/escolalavilapalamos\/wp-json\/wp\/v2\/posts"}],"about":[{"href":"https:\/\/agora.xtec.cat\/escolalavilapalamos\/wp-json\/wp\/v2\/types\/post"}],"author":[{"embeddable":true,"href":"https:\/\/agora.xtec.cat\/escolalavilapalamos\/wp-json\/wp\/v2\/users\/131"}],"replies":[{"embeddable":true,"href":"https:\/\/agora.xtec.cat\/escolalavilapalamos\/wp-json\/wp\/v2\/comments?post=16732"}],"version-history":[{"count":1,"href":"https:\/\/agora.xtec.cat\/escolalavilapalamos\/wp-json\/wp\/v2\/posts\/16732\/revisions"}],"predecessor-version":[{"id":16747,"href":"https:\/\/agora.xtec.cat\/escolalavilapalamos\/wp-json\/wp\/v2\/posts\/16732\/revisions\/16747"}],"wp:attachment":[{"href":"https:\/\/agora.xtec.cat\/escolalavilapalamos\/wp-json\/wp\/v2\/media?parent=16732"}],"wp:term":[{"taxonomy":"category","embeddable":true,"href":"https:\/\/agora.xtec.cat\/escolalavilapalamos\/wp-json\/wp\/v2\/categories?post=16732"},{"taxonomy":"post_tag","embeddable":true,"href":"https:\/\/agora.xtec.cat\/escolalavilapalamos\/wp-json\/wp\/v2\/tags?post=16732"}],"curies":[{"name":"wp","href":"https:\/\/api.w.org\/{rel}","templated":true}]}}