{"id":16724,"date":"2026-04-28T13:16:25","date_gmt":"2026-04-28T11:16:25","guid":{"rendered":"https:\/\/agora.xtec.cat\/escolalavilapalamos\/?p=16724"},"modified":"2026-04-28T13:16:25","modified_gmt":"2026-04-28T11:16:25","slug":"kokoleoko-canco-dansa-a-4rt-2","status":"publish","type":"post","link":"https:\/\/agora.xtec.cat\/escolalavilapalamos\/general\/kokoleoko-canco-dansa-a-4rt-2\/","title":{"rendered":"Kokoleoko: can\u00e7\u00f3-dansa a 4rt"},"content":{"rendered":"<p>Els cursos de 4rt hem apr\u00e8s una can\u00e7\u00f3-dansa que es diu Kokoleoko. \u00c9<span style=\"font-weight: 400;\">s una can\u00e7\u00f3 tradicional de Ghana, un pa\u00eds de l&#8217;oest d&#8217;\u00c0frica que t\u00e9 un clima tropical amb pluges freq\u00fcents. La lletra de la can\u00e7\u00f3 \u00e9s molt simple, ja que nom\u00e9s ens explica com un nen diu a sa mare que el gall ha comen\u00e7at a cantar i \u00e9s hora d&#8217;aixecar-se.\u00a0<\/span><span style=\"font-weight: 400;\">La m\u00fasica africana es caracteritza pel car\u00e0cter alegre i els ritmes complicats i \u00e0gils, per aix\u00f2 \u00e9s molt donada a la dansa i gran part dels seus instruments pertanyen a la fam\u00edlia de la percussi\u00f3.\u00a0<\/span><\/p>\n<p><span style=\"font-weight: 400;\">Ens ho hem passat mol b\u00e9 aprenent la can\u00e7\u00f3 i els diferents moviments de la dansa.<\/span><\/p>\n<p>En el seg\u00fcent <a href=\"https:\/\/agora.xtec.cat\/escolalavilapalamos\/general\/kokoleoko-canco-dansa-a-4rt\/\">enlla\u00e7<\/a> podeu veure com ballem!<\/p>\n<p><a href=\"https:\/\/agora.xtec.cat\/escolalavilapalamos\/wp-content\/uploads\/usu897\/2026\/04\/WhatsApp-Image-2026-01-16-at-12.56.28.jpeg\"><img loading=\"lazy\" decoding=\"async\" class=\"size-medium wp-image-16727 alignleft\" src=\"https:\/\/agora.xtec.cat\/escolalavilapalamos\/wp-content\/uploads\/usu897\/2026\/04\/WhatsApp-Image-2026-01-16-at-12.56.28-169x300.jpeg\" alt=\"\" width=\"169\" height=\"300\" srcset=\"https:\/\/agora.xtec.cat\/escolalavilapalamos\/wp-content\/uploads\/usu897\/2026\/04\/WhatsApp-Image-2026-01-16-at-12.56.28-169x300.jpeg 169w, https:\/\/agora.xtec.cat\/escolalavilapalamos\/wp-content\/uploads\/usu897\/2026\/04\/WhatsApp-Image-2026-01-16-at-12.56.28-576x1024.jpeg 576w, https:\/\/agora.xtec.cat\/escolalavilapalamos\/wp-content\/uploads\/usu897\/2026\/04\/WhatsApp-Image-2026-01-16-at-12.56.28-768x1365.jpeg 768w, https:\/\/agora.xtec.cat\/escolalavilapalamos\/wp-content\/uploads\/usu897\/2026\/04\/WhatsApp-Image-2026-01-16-at-12.56.28-864x1536.jpeg 864w, https:\/\/agora.xtec.cat\/escolalavilapalamos\/wp-content\/uploads\/usu897\/2026\/04\/WhatsApp-Image-2026-01-16-at-12.56.28.jpeg 1080w\" sizes=\"auto, (max-width: 169px) 100vw, 169px\" \/><\/a><a href=\"https:\/\/agora.xtec.cat\/escolalavilapalamos\/wp-content\/uploads\/usu897\/2026\/04\/WhatsApp-Image-2026-01-16-at-12.47.25-2.jpeg\"><img loading=\"lazy\" decoding=\"async\" class=\" wp-image-16726 alignleft\" src=\"https:\/\/agora.xtec.cat\/escolalavilapalamos\/wp-content\/uploads\/usu897\/2026\/04\/WhatsApp-Image-2026-01-16-at-12.47.25-2-135x300.jpeg\" alt=\"\" width=\"101\" height=\"224\" srcset=\"https:\/\/agora.xtec.cat\/escolalavilapalamos\/wp-content\/uploads\/usu897\/2026\/04\/WhatsApp-Image-2026-01-16-at-12.47.25-2-135x300.jpeg 135w, https:\/\/agora.xtec.cat\/escolalavilapalamos\/wp-content\/uploads\/usu897\/2026\/04\/WhatsApp-Image-2026-01-16-at-12.47.25-2-462x1024.jpeg 462w, https:\/\/agora.xtec.cat\/escolalavilapalamos\/wp-content\/uploads\/usu897\/2026\/04\/WhatsApp-Image-2026-01-16-at-12.47.25-2-768x1704.jpeg 768w, https:\/\/agora.xtec.cat\/escolalavilapalamos\/wp-content\/uploads\/usu897\/2026\/04\/WhatsApp-Image-2026-01-16-at-12.47.25-2-692x1536.jpeg 692w, https:\/\/agora.xtec.cat\/escolalavilapalamos\/wp-content\/uploads\/usu897\/2026\/04\/WhatsApp-Image-2026-01-16-at-12.47.25-2.jpeg 923w\" sizes=\"auto, (max-width: 101px) 100vw, 101px\" \/><\/a><\/p>\n","protected":false},"excerpt":{"rendered":"<p>Els cursos de 4rt hem apr\u00e8s una can\u00e7\u00f3-dansa que es diu Kokoleoko. \u00c9s una can\u00e7\u00f3 tradicional de Ghana, un pa\u00eds de l&#8217;oest d&#8217;\u00c0frica que t\u00e9 un clima tropical amb pluges freq\u00fcents. La lletra de la can\u00e7\u00f3 \u00e9s molt simple, ja que nom\u00e9s ens explica com&hellip;  <a href=\"https:\/\/agora.xtec.cat\/escolalavilapalamos\/general\/kokoleoko-canco-dansa-a-4rt-2\/\" title=\"Read Kokoleoko: can\u00e7\u00f3-dansa a 4rt\">Llegeix m\u00e9s\u00bb<\/a><\/p>\n","protected":false},"author":132,"featured_media":0,"comment_status":"open","ping_status":"open","sticky":false,"template":"","format":"standard","meta":{"_bbp_topic_count":0,"_bbp_reply_count":0,"_bbp_total_topic_count":0,"_bbp_total_reply_count":0,"_bbp_voice_count":0,"_bbp_anonymous_reply_count":0,"_bbp_topic_count_hidden":0,"_bbp_reply_count_hidden":0,"_bbp_forum_subforum_count":0,"footnotes":""},"categories":[67,1,4],"tags":[],"class_list":["post-16724","post","type-post","status-publish","format-standard","hentry","category-especialistes","category-general","category-portada"],"post_mailing_queue_ids":[],"_links":{"self":[{"href":"https:\/\/agora.xtec.cat\/escolalavilapalamos\/wp-json\/wp\/v2\/posts\/16724","targetHints":{"allow":["GET"]}}],"collection":[{"href":"https:\/\/agora.xtec.cat\/escolalavilapalamos\/wp-json\/wp\/v2\/posts"}],"about":[{"href":"https:\/\/agora.xtec.cat\/escolalavilapalamos\/wp-json\/wp\/v2\/types\/post"}],"author":[{"embeddable":true,"href":"https:\/\/agora.xtec.cat\/escolalavilapalamos\/wp-json\/wp\/v2\/users\/132"}],"replies":[{"embeddable":true,"href":"https:\/\/agora.xtec.cat\/escolalavilapalamos\/wp-json\/wp\/v2\/comments?post=16724"}],"version-history":[{"count":2,"href":"https:\/\/agora.xtec.cat\/escolalavilapalamos\/wp-json\/wp\/v2\/posts\/16724\/revisions"}],"predecessor-version":[{"id":16733,"href":"https:\/\/agora.xtec.cat\/escolalavilapalamos\/wp-json\/wp\/v2\/posts\/16724\/revisions\/16733"}],"wp:attachment":[{"href":"https:\/\/agora.xtec.cat\/escolalavilapalamos\/wp-json\/wp\/v2\/media?parent=16724"}],"wp:term":[{"taxonomy":"category","embeddable":true,"href":"https:\/\/agora.xtec.cat\/escolalavilapalamos\/wp-json\/wp\/v2\/categories?post=16724"},{"taxonomy":"post_tag","embeddable":true,"href":"https:\/\/agora.xtec.cat\/escolalavilapalamos\/wp-json\/wp\/v2\/tags?post=16724"}],"curies":[{"name":"wp","href":"https:\/\/api.w.org\/{rel}","templated":true}]}}