{"id":16708,"date":"2026-04-28T13:17:11","date_gmt":"2026-04-28T11:17:11","guid":{"rendered":"https:\/\/agora.xtec.cat\/escolalavilapalamos\/?p=16708"},"modified":"2026-04-28T13:17:16","modified_gmt":"2026-04-28T11:17:16","slug":"contes-musicats-a-6e-per-les-families-2","status":"publish","type":"post","link":"https:\/\/agora.xtec.cat\/escolalavilapalamos\/general\/contes-musicats-a-6e-per-les-families-2\/","title":{"rendered":"Contes musicats a 6\u00e8 per les fam\u00edlies"},"content":{"rendered":"<p data-pm-slice=\"1 1 []\">Els cursos de 6\u00e8 hem musicat contes a les sessions de m\u00fasica. Ha estat un proc\u00e9s de creaci\u00f3 que ha durat v\u00e0ries sessions. El primer que vam fer va ser escollir un conte (alguns tradicionals i altres inventats) i buscar aquelles paraules o frases les quals pod\u00edem representar amb sons. Aquests sons s&#8217;havien de fer amb instruments, materials varis, amb la pr\u00f2pia veu&#8230; per\u00f2 no es podien buscar a internet. Tot seguit es van repartir les diferents tasques (llegir el conte, produir sons, crear materials per acompanyar el conte&#8230;) i vam comen\u00e7ar a fer els assajos. Ens va fer molta il\u00b7lusi\u00f3 <a href=\"https:\/\/agora.xtec.cat\/escolalavilapalamos\/general\/contes-musicats-\u2026per-les-families\/ \u200e\">presentar<\/a> els contes a les tutores de 6\u00e8 i despr\u00e9s ens vam engrescar a presentar-ho a les fam\u00edlies. Per aquest motiu, el dijous 23 d&#8217;abril a la tarda vam fer la presentaci\u00f3 d&#8217;aquest contes musicats per a les fam\u00edlies. El pr\u00f2xim objectiu que ens hem proposat \u00e9s anar a infantil, a explicar els contes.<\/p>\n<p data-pm-slice=\"1 1 []\"><a href=\"https:\/\/agora.xtec.cat\/escolalavilapalamos\/wp-content\/uploads\/usu897\/2026\/04\/WhatsApp-Image-2026-04-24-at-12.58.50.jpeg\"><img loading=\"lazy\" decoding=\"async\" class=\"size-medium wp-image-16720 aligncenter\" src=\"https:\/\/agora.xtec.cat\/escolalavilapalamos\/wp-content\/uploads\/usu897\/2026\/04\/WhatsApp-Image-2026-04-24-at-12.58.50-225x300.jpeg\" alt=\"\" width=\"225\" height=\"300\" srcset=\"https:\/\/agora.xtec.cat\/escolalavilapalamos\/wp-content\/uploads\/usu897\/2026\/04\/WhatsApp-Image-2026-04-24-at-12.58.50-225x300.jpeg 225w, https:\/\/agora.xtec.cat\/escolalavilapalamos\/wp-content\/uploads\/usu897\/2026\/04\/WhatsApp-Image-2026-04-24-at-12.58.50-768x1024.jpeg 768w, https:\/\/agora.xtec.cat\/escolalavilapalamos\/wp-content\/uploads\/usu897\/2026\/04\/WhatsApp-Image-2026-04-24-at-12.58.50-1152x1536.jpeg 1152w, https:\/\/agora.xtec.cat\/escolalavilapalamos\/wp-content\/uploads\/usu897\/2026\/04\/WhatsApp-Image-2026-04-24-at-12.58.50.jpeg 1200w\" sizes=\"auto, (max-width: 225px) 100vw, 225px\" \/><\/a><\/p>\n","protected":false},"excerpt":{"rendered":"<p>Els cursos de 6\u00e8 hem musicat contes a les sessions de m\u00fasica. Ha estat un proc\u00e9s de creaci\u00f3 que ha durat v\u00e0ries sessions. El primer que vam fer va ser escollir un conte (alguns tradicionals i altres inventats) i buscar aquelles paraules o frases les&hellip;  <a href=\"https:\/\/agora.xtec.cat\/escolalavilapalamos\/general\/contes-musicats-a-6e-per-les-families-2\/\" title=\"Read Contes musicats a 6\u00e8 per les fam\u00edlies\">Llegeix m\u00e9s\u00bb<\/a><\/p>\n","protected":false},"author":132,"featured_media":0,"comment_status":"open","ping_status":"open","sticky":false,"template":"","format":"standard","meta":{"_bbp_topic_count":0,"_bbp_reply_count":0,"_bbp_total_topic_count":0,"_bbp_total_reply_count":0,"_bbp_voice_count":0,"_bbp_anonymous_reply_count":0,"_bbp_topic_count_hidden":0,"_bbp_reply_count_hidden":0,"_bbp_forum_subforum_count":0,"footnotes":""},"categories":[128,67,1,4],"tags":[],"class_list":["post-16708","post","type-post","status-publish","format-standard","hentry","category-comunitat-de-grans","category-especialistes","category-general","category-portada"],"post_mailing_queue_ids":[],"_links":{"self":[{"href":"https:\/\/agora.xtec.cat\/escolalavilapalamos\/wp-json\/wp\/v2\/posts\/16708","targetHints":{"allow":["GET"]}}],"collection":[{"href":"https:\/\/agora.xtec.cat\/escolalavilapalamos\/wp-json\/wp\/v2\/posts"}],"about":[{"href":"https:\/\/agora.xtec.cat\/escolalavilapalamos\/wp-json\/wp\/v2\/types\/post"}],"author":[{"embeddable":true,"href":"https:\/\/agora.xtec.cat\/escolalavilapalamos\/wp-json\/wp\/v2\/users\/132"}],"replies":[{"embeddable":true,"href":"https:\/\/agora.xtec.cat\/escolalavilapalamos\/wp-json\/wp\/v2\/comments?post=16708"}],"version-history":[{"count":4,"href":"https:\/\/agora.xtec.cat\/escolalavilapalamos\/wp-json\/wp\/v2\/posts\/16708\/revisions"}],"predecessor-version":[{"id":16735,"href":"https:\/\/agora.xtec.cat\/escolalavilapalamos\/wp-json\/wp\/v2\/posts\/16708\/revisions\/16735"}],"wp:attachment":[{"href":"https:\/\/agora.xtec.cat\/escolalavilapalamos\/wp-json\/wp\/v2\/media?parent=16708"}],"wp:term":[{"taxonomy":"category","embeddable":true,"href":"https:\/\/agora.xtec.cat\/escolalavilapalamos\/wp-json\/wp\/v2\/categories?post=16708"},{"taxonomy":"post_tag","embeddable":true,"href":"https:\/\/agora.xtec.cat\/escolalavilapalamos\/wp-json\/wp\/v2\/tags?post=16708"}],"curies":[{"name":"wp","href":"https:\/\/api.w.org\/{rel}","templated":true}]}}