{"id":16703,"date":"2026-04-24T12:51:04","date_gmt":"2026-04-24T10:51:04","guid":{"rendered":"https:\/\/agora.xtec.cat\/escolalavilapalamos\/?p=16703"},"modified":"2026-04-24T12:51:04","modified_gmt":"2026-04-24T10:51:04","slug":"a-4t-hem-fet-el-rodajoc","status":"publish","type":"post","link":"https:\/\/agora.xtec.cat\/escolalavilapalamos\/general\/a-4t-hem-fet-el-rodajoc\/","title":{"rendered":"A 4t hem fet el Rodajoc!"},"content":{"rendered":"<p style=\"text-align: center;\"><a href=\"https:\/\/agora.xtec.cat\/escolalavilapalamos\/wp-content\/uploads\/usu897\/2026\/04\/IMG_2523.heic\"><img decoding=\"async\" class=\"aligncenter size-full wp-image-16704\" src=\"https:\/\/agora.xtec.cat\/escolalavilapalamos\/wp-content\/uploads\/usu897\/2026\/04\/IMG_2523.heic\" alt=\"\" \/><\/a><a href=\"https:\/\/agora.xtec.cat\/escolalavilapalamos\/wp-content\/uploads\/usu897\/2026\/04\/IMG-20260424-WA0004.jpg\"><img loading=\"lazy\" decoding=\"async\" class=\"aligncenter wp-image-16705\" src=\"https:\/\/agora.xtec.cat\/escolalavilapalamos\/wp-content\/uploads\/usu897\/2026\/04\/IMG-20260424-WA0004-300x225.jpg\" alt=\"\" width=\"377\" height=\"283\" srcset=\"https:\/\/agora.xtec.cat\/escolalavilapalamos\/wp-content\/uploads\/usu897\/2026\/04\/IMG-20260424-WA0004-300x225.jpg 300w, https:\/\/agora.xtec.cat\/escolalavilapalamos\/wp-content\/uploads\/usu897\/2026\/04\/IMG-20260424-WA0004-1024x768.jpg 1024w, https:\/\/agora.xtec.cat\/escolalavilapalamos\/wp-content\/uploads\/usu897\/2026\/04\/IMG-20260424-WA0004-768x576.jpg 768w, https:\/\/agora.xtec.cat\/escolalavilapalamos\/wp-content\/uploads\/usu897\/2026\/04\/IMG-20260424-WA0004-1536x1152.jpg 1536w, https:\/\/agora.xtec.cat\/escolalavilapalamos\/wp-content\/uploads\/usu897\/2026\/04\/IMG-20260424-WA0004-200x150.jpg 200w, https:\/\/agora.xtec.cat\/escolalavilapalamos\/wp-content\/uploads\/usu897\/2026\/04\/IMG-20260424-WA0004.jpg 1600w\" sizes=\"auto, (max-width: 377px) 100vw, 377px\" \/><\/a><\/p>\n<p>El dimecres 22 d\u2019abril l\u2019alumnat de 4t va participar en el <strong>RODAJOC DE PALAM\u00d3S, SANT ANTONI, CALONGE I VALL-LLOBREGA<\/strong>. La jornada es va celebrar enguany a Calonge i vam gaudir d\u2019un mat\u00ed de jocs a l\u2019aire lliure tots plegats.<\/p>\n<p>Les escoles participants al Rodajoc van ser: ESC La Vila, ESC Vila-rom\u00e0, ESC Vedruna Xaloc, ESC Vedruna centre, ESC Llevant\u00ed de mar, ESC La s\u00ednia; (St. Antoni de Calonge); ESC Pere Rossell\u00f3 (Calonge); ESC Vall-llobrega; INS Palam\u00f3s<\/p>\n<p>Els organitzadors van ser: els mestres del Seminari Rodajoc Palam\u00f3s, Calonge i Vall-lobrega\u00a0 (PFZ)<\/p>\n<p>Col\u00b7laboradors: Ajuntament de Calonge i Sant Antoni, SEBE (Serveis Educatius del Baix Empord\u00e0) i Servei Educatiu del Baix Empord\u00e0; Consell Esportiu del Baix Empord\u00e0.<\/p>\n","protected":false},"excerpt":{"rendered":"<p><a href=\"https:\/\/agora.xtec.cat\/escolalavilapalamos\/wp-content\/uploads\/usu897\/2026\/04\/IMG_2523.heic\"><\/a><a href=\"https:\/\/agora.xtec.cat\/escolalavilapalamos\/wp-content\/uploads\/usu897\/2026\/04\/IMG-20260424-WA0004.jpg\"><\/a><br \/>\nEl dimecres 22 d\u2019abril l\u2019alumnat de 4t va participar en el RODAJOC DE PALAM\u00d3S, SANT ANTONI, CALONGE I VALL-LLOBREGA. La jornada es va celebrar enguany a Calonge i vam gaudir d\u2019un mat\u00ed de jocs a l\u2019aire lliure tots plegats.<br \/>\nLes escoles participants al Rodajoc&hellip;  <a href=\"https:\/\/agora.xtec.cat\/escolalavilapalamos\/general\/a-4t-hem-fet-el-rodajoc\/\" title=\"Read A 4t hem fet el Rodajoc!\">Llegeix m\u00e9s\u00bb<\/a><\/p>\n","protected":false},"author":132,"featured_media":0,"comment_status":"open","ping_status":"open","sticky":false,"template":"","format":"standard","meta":{"_bbp_topic_count":0,"_bbp_reply_count":0,"_bbp_total_topic_count":0,"_bbp_total_reply_count":0,"_bbp_voice_count":0,"_bbp_anonymous_reply_count":0,"_bbp_topic_count_hidden":0,"_bbp_reply_count_hidden":0,"_bbp_forum_subforum_count":0,"footnotes":""},"categories":[128,70,67,1,4,5],"tags":[],"class_list":["post-16703","post","type-post","status-publish","format-standard","hentry","category-comunitat-de-grans","category-efi","category-especialistes","category-general","category-portada","category-primaria"],"post_mailing_queue_ids":[],"_links":{"self":[{"href":"https:\/\/agora.xtec.cat\/escolalavilapalamos\/wp-json\/wp\/v2\/posts\/16703","targetHints":{"allow":["GET"]}}],"collection":[{"href":"https:\/\/agora.xtec.cat\/escolalavilapalamos\/wp-json\/wp\/v2\/posts"}],"about":[{"href":"https:\/\/agora.xtec.cat\/escolalavilapalamos\/wp-json\/wp\/v2\/types\/post"}],"author":[{"embeddable":true,"href":"https:\/\/agora.xtec.cat\/escolalavilapalamos\/wp-json\/wp\/v2\/users\/132"}],"replies":[{"embeddable":true,"href":"https:\/\/agora.xtec.cat\/escolalavilapalamos\/wp-json\/wp\/v2\/comments?post=16703"}],"version-history":[{"count":2,"href":"https:\/\/agora.xtec.cat\/escolalavilapalamos\/wp-json\/wp\/v2\/posts\/16703\/revisions"}],"predecessor-version":[{"id":16707,"href":"https:\/\/agora.xtec.cat\/escolalavilapalamos\/wp-json\/wp\/v2\/posts\/16703\/revisions\/16707"}],"wp:attachment":[{"href":"https:\/\/agora.xtec.cat\/escolalavilapalamos\/wp-json\/wp\/v2\/media?parent=16703"}],"wp:term":[{"taxonomy":"category","embeddable":true,"href":"https:\/\/agora.xtec.cat\/escolalavilapalamos\/wp-json\/wp\/v2\/categories?post=16703"},{"taxonomy":"post_tag","embeddable":true,"href":"https:\/\/agora.xtec.cat\/escolalavilapalamos\/wp-json\/wp\/v2\/tags?post=16703"}],"curies":[{"name":"wp","href":"https:\/\/api.w.org\/{rel}","templated":true}]}}