{"id":16697,"date":"2026-04-24T12:34:15","date_gmt":"2026-04-24T10:34:15","guid":{"rendered":"https:\/\/agora.xtec.cat\/escolalavilapalamos\/?p=16697"},"modified":"2026-04-24T12:34:15","modified_gmt":"2026-04-24T10:34:15","slug":"biblioteca-a-i5","status":"publish","type":"post","link":"https:\/\/agora.xtec.cat\/escolalavilapalamos\/general\/biblioteca-a-i5\/","title":{"rendered":"BIBLIOTECA A I5"},"content":{"rendered":"<p>HOLA FAM\u00ccLIES D&#8217;I5!!!<\/p>\n<p>Al llarg d&#8217;aquest curs, hem realitzat diverses sortides a la Biblioteca de Palam\u00f3s, on hem pogut gaudir de l&#8217;escolta de diferents contes per part de la bibliotecaria,aix\u00ed com tamb\u00e9 hem mirat i comen\u00e7at a llegir contes individualment. \u00c9s una activitat que ens agrada molt i ho gaudim d&#8217;all\u00f2 m\u00e9s!!!<\/p>\n<p>Aprenem mirant imatges, i llegint hist\u00f2ries que ens porten a un m\u00f3n imaginari molt ric.<\/p>\n<p>Tanmateix, aquesta vegada hem fet un treball a l&#8217;aula on cada infant ha dibuixiat el que m\u00e9s li ha agradat el conte EL CAVALLER SENSE CUL&#8230; i com podeu imaginar amb el t\u00edtol, ha estat molt divertit!!!<\/p>\n<p>Esperem que us agradin les fotograf\u00edes!!!<img loading=\"lazy\" decoding=\"async\" class=\"aligncenter wp-image-16698\" src=\"https:\/\/agora.xtec.cat\/escolalavilapalamos\/wp-content\/uploads\/usu897\/2026\/04\/IMG_7232-247x300.jpg\" alt=\"\" width=\"184\" height=\"223\" srcset=\"https:\/\/agora.xtec.cat\/escolalavilapalamos\/wp-content\/uploads\/usu897\/2026\/04\/IMG_7232-247x300.jpg 247w, https:\/\/agora.xtec.cat\/escolalavilapalamos\/wp-content\/uploads\/usu897\/2026\/04\/IMG_7232-843x1024.jpg 843w, https:\/\/agora.xtec.cat\/escolalavilapalamos\/wp-content\/uploads\/usu897\/2026\/04\/IMG_7232-768x932.jpg 768w, https:\/\/agora.xtec.cat\/escolalavilapalamos\/wp-content\/uploads\/usu897\/2026\/04\/IMG_7232-1265x1536.jpg 1265w, https:\/\/agora.xtec.cat\/escolalavilapalamos\/wp-content\/uploads\/usu897\/2026\/04\/IMG_7232.jpg 1653w\" sizes=\"auto, (max-width: 184px) 100vw, 184px\" \/> <img loading=\"lazy\" decoding=\"async\" class=\"aligncenter wp-image-16699\" src=\"https:\/\/agora.xtec.cat\/escolalavilapalamos\/wp-content\/uploads\/usu897\/2026\/04\/IMG_7255-300x213.jpg\" alt=\"\" width=\"183\" height=\"130\" srcset=\"https:\/\/agora.xtec.cat\/escolalavilapalamos\/wp-content\/uploads\/usu897\/2026\/04\/IMG_7255-300x213.jpg 300w, https:\/\/agora.xtec.cat\/escolalavilapalamos\/wp-content\/uploads\/usu897\/2026\/04\/IMG_7255-1024x727.jpg 1024w, https:\/\/agora.xtec.cat\/escolalavilapalamos\/wp-content\/uploads\/usu897\/2026\/04\/IMG_7255-768x545.jpg 768w, https:\/\/agora.xtec.cat\/escolalavilapalamos\/wp-content\/uploads\/usu897\/2026\/04\/IMG_7255-1536x1090.jpg 1536w, https:\/\/agora.xtec.cat\/escolalavilapalamos\/wp-content\/uploads\/usu897\/2026\/04\/IMG_7255-2048x1453.jpg 2048w\" sizes=\"auto, (max-width: 183px) 100vw, 183px\" \/><\/p>\n","protected":false},"excerpt":{"rendered":"<p>HOLA FAM\u00ccLIES D&#8217;I5!!!<br \/>\nAl llarg d&#8217;aquest curs, hem realitzat diverses sortides a la Biblioteca de Palam\u00f3s, on hem pogut gaudir de l&#8217;escolta de diferents contes per part de la bibliotecaria,aix\u00ed com tamb\u00e9 hem mirat i comen\u00e7at a llegir contes individualment. \u00c9s una activitat que ens agrada&hellip;  <a href=\"https:\/\/agora.xtec.cat\/escolalavilapalamos\/general\/biblioteca-a-i5\/\" title=\"Read BIBLIOTECA A I5\">Llegeix m\u00e9s\u00bb<\/a><\/p>\n","protected":false},"author":128,"featured_media":0,"comment_status":"open","ping_status":"open","sticky":false,"template":"","format":"standard","meta":{"_bbp_topic_count":0,"_bbp_reply_count":0,"_bbp_total_topic_count":0,"_bbp_total_reply_count":0,"_bbp_voice_count":0,"_bbp_anonymous_reply_count":0,"_bbp_topic_count_hidden":0,"_bbp_reply_count_hidden":0,"_bbp_forum_subforum_count":0,"footnotes":""},"categories":[2,1,4],"tags":[],"class_list":["post-16697","post","type-post","status-publish","format-standard","hentry","category-infantil","category-general","category-portada"],"post_mailing_queue_ids":[],"_links":{"self":[{"href":"https:\/\/agora.xtec.cat\/escolalavilapalamos\/wp-json\/wp\/v2\/posts\/16697","targetHints":{"allow":["GET"]}}],"collection":[{"href":"https:\/\/agora.xtec.cat\/escolalavilapalamos\/wp-json\/wp\/v2\/posts"}],"about":[{"href":"https:\/\/agora.xtec.cat\/escolalavilapalamos\/wp-json\/wp\/v2\/types\/post"}],"author":[{"embeddable":true,"href":"https:\/\/agora.xtec.cat\/escolalavilapalamos\/wp-json\/wp\/v2\/users\/128"}],"replies":[{"embeddable":true,"href":"https:\/\/agora.xtec.cat\/escolalavilapalamos\/wp-json\/wp\/v2\/comments?post=16697"}],"version-history":[{"count":1,"href":"https:\/\/agora.xtec.cat\/escolalavilapalamos\/wp-json\/wp\/v2\/posts\/16697\/revisions"}],"predecessor-version":[{"id":16700,"href":"https:\/\/agora.xtec.cat\/escolalavilapalamos\/wp-json\/wp\/v2\/posts\/16697\/revisions\/16700"}],"wp:attachment":[{"href":"https:\/\/agora.xtec.cat\/escolalavilapalamos\/wp-json\/wp\/v2\/media?parent=16697"}],"wp:term":[{"taxonomy":"category","embeddable":true,"href":"https:\/\/agora.xtec.cat\/escolalavilapalamos\/wp-json\/wp\/v2\/categories?post=16697"},{"taxonomy":"post_tag","embeddable":true,"href":"https:\/\/agora.xtec.cat\/escolalavilapalamos\/wp-json\/wp\/v2\/tags?post=16697"}],"curies":[{"name":"wp","href":"https:\/\/api.w.org\/{rel}","templated":true}]}}