{"id":16690,"date":"2026-04-22T14:38:34","date_gmt":"2026-04-22T12:38:34","guid":{"rendered":"https:\/\/agora.xtec.cat\/escolalavilapalamos\/?p=16690"},"modified":"2026-04-22T14:38:34","modified_gmt":"2026-04-22T12:38:34","slug":"colonies-de-la-comunitat-de-petits-a-mas-muxach","status":"publish","type":"post","link":"https:\/\/agora.xtec.cat\/escolalavilapalamos\/general\/colonies-de-la-comunitat-de-petits-a-mas-muxach\/","title":{"rendered":"COL\u00d2NIES DE LA COMUNITAT DE PETITS A MAS MUXACH"},"content":{"rendered":"<p><span style=\"font-weight: 400;\">Els dies 20 i 21 d\u2019abril, els infants de la Comunitat de Petits vam gaudir d\u2019unes col\u00f2nies molt especials a Mas Muxach, vivint una gran aventura amb la tem\u00e0tica dels indis.<\/span><\/p>\n<p><span style=\"font-weight: 400;\">Vam descobrir el poblat de la tribu dels Muxakis i vam fer una cinta \u00edndia per convertir-nos en membres de la tribu. Al vespre, despr\u00e9s de sopar, vam ajudar la xamana a trav\u00e9s d\u2019una activitat plena de m\u00e0gia i cooperaci\u00f3.<\/span><\/p>\n<p><span style=\"font-weight: 400;\">L\u2019endem\u00e0 vam sortir a con\u00e8ixer l\u2019entorn, vam jugar i vam fer danses \u00edndies, compartint moments plens d\u2019alegria i descobertes.<\/span><\/p>\n<p><span style=\"font-weight: 400;\">Les col\u00f2nies s\u00f3n una experi\u00e8ncia molt enriquidora que afavoreix l\u2019autonomia, la conviv\u00e8ncia, la cooperaci\u00f3 i els vincles entre els infants. Compartir aquests dies junts ens ajuda a cr\u00e9ixer, aprendre i gaudir en comunitat.<\/span><\/p>\n<p><span style=\"font-weight: 400;\">Han estat dos dies plens d\u2019aventures i records molt especials.<\/span><\/p>\n<p>Fam\u00edlies, per poder veure les fotografies de les col\u00f2nies, entreu a la carpeta que tenim a la unitat compartida.<img loading=\"lazy\" decoding=\"async\" class=\"aligncenter wp-image-16692\" src=\"https:\/\/agora.xtec.cat\/escolalavilapalamos\/wp-content\/uploads\/usu897\/2026\/04\/colonies-300x225.jpg\" alt=\"\" width=\"313\" height=\"235\" srcset=\"https:\/\/agora.xtec.cat\/escolalavilapalamos\/wp-content\/uploads\/usu897\/2026\/04\/colonies-300x225.jpg 300w, https:\/\/agora.xtec.cat\/escolalavilapalamos\/wp-content\/uploads\/usu897\/2026\/04\/colonies-1024x768.jpg 1024w, https:\/\/agora.xtec.cat\/escolalavilapalamos\/wp-content\/uploads\/usu897\/2026\/04\/colonies-768x576.jpg 768w, https:\/\/agora.xtec.cat\/escolalavilapalamos\/wp-content\/uploads\/usu897\/2026\/04\/colonies-1536x1152.jpg 1536w, https:\/\/agora.xtec.cat\/escolalavilapalamos\/wp-content\/uploads\/usu897\/2026\/04\/colonies-2048x1536.jpg 2048w, https:\/\/agora.xtec.cat\/escolalavilapalamos\/wp-content\/uploads\/usu897\/2026\/04\/colonies-200x150.jpg 200w\" sizes=\"auto, (max-width: 313px) 100vw, 313px\" \/><\/p>\n<p>&nbsp;<\/p>\n","protected":false},"excerpt":{"rendered":"<p>Els dies 20 i 21 d\u2019abril, els infants de la Comunitat de Petits vam gaudir d\u2019unes col\u00f2nies molt especials a Mas Muxach, vivint una gran aventura amb la tem\u00e0tica dels indis.<br \/>\nVam descobrir el poblat de la tribu dels Muxakis i vam fer una cinta \u00edndia&hellip;  <a href=\"https:\/\/agora.xtec.cat\/escolalavilapalamos\/general\/colonies-de-la-comunitat-de-petits-a-mas-muxach\/\" title=\"Read COL\u00d2NIES DE LA COMUNITAT DE PETITS A MAS MUXACH\">Llegeix m\u00e9s\u00bb<\/a><\/p>\n","protected":false},"author":128,"featured_media":0,"comment_status":"open","ping_status":"open","sticky":false,"template":"","format":"standard","meta":{"_bbp_topic_count":0,"_bbp_reply_count":0,"_bbp_total_topic_count":0,"_bbp_total_reply_count":0,"_bbp_voice_count":0,"_bbp_anonymous_reply_count":0,"_bbp_topic_count_hidden":0,"_bbp_reply_count_hidden":0,"_bbp_forum_subforum_count":0,"footnotes":""},"categories":[2,1,4],"tags":[],"class_list":["post-16690","post","type-post","status-publish","format-standard","hentry","category-infantil","category-general","category-portada"],"post_mailing_queue_ids":[],"_links":{"self":[{"href":"https:\/\/agora.xtec.cat\/escolalavilapalamos\/wp-json\/wp\/v2\/posts\/16690","targetHints":{"allow":["GET"]}}],"collection":[{"href":"https:\/\/agora.xtec.cat\/escolalavilapalamos\/wp-json\/wp\/v2\/posts"}],"about":[{"href":"https:\/\/agora.xtec.cat\/escolalavilapalamos\/wp-json\/wp\/v2\/types\/post"}],"author":[{"embeddable":true,"href":"https:\/\/agora.xtec.cat\/escolalavilapalamos\/wp-json\/wp\/v2\/users\/128"}],"replies":[{"embeddable":true,"href":"https:\/\/agora.xtec.cat\/escolalavilapalamos\/wp-json\/wp\/v2\/comments?post=16690"}],"version-history":[{"count":2,"href":"https:\/\/agora.xtec.cat\/escolalavilapalamos\/wp-json\/wp\/v2\/posts\/16690\/revisions"}],"predecessor-version":[{"id":16694,"href":"https:\/\/agora.xtec.cat\/escolalavilapalamos\/wp-json\/wp\/v2\/posts\/16690\/revisions\/16694"}],"wp:attachment":[{"href":"https:\/\/agora.xtec.cat\/escolalavilapalamos\/wp-json\/wp\/v2\/media?parent=16690"}],"wp:term":[{"taxonomy":"category","embeddable":true,"href":"https:\/\/agora.xtec.cat\/escolalavilapalamos\/wp-json\/wp\/v2\/categories?post=16690"},{"taxonomy":"post_tag","embeddable":true,"href":"https:\/\/agora.xtec.cat\/escolalavilapalamos\/wp-json\/wp\/v2\/tags?post=16690"}],"curies":[{"name":"wp","href":"https:\/\/api.w.org\/{rel}","templated":true}]}}