{"id":16669,"date":"2026-04-13T14:38:42","date_gmt":"2026-04-13T12:38:42","guid":{"rendered":"https:\/\/agora.xtec.cat\/escolalavilapalamos\/?p=16669"},"modified":"2026-04-13T14:38:42","modified_gmt":"2026-04-13T12:38:42","slug":"cantata-de-1r-lasteroide-nil","status":"publish","type":"post","link":"https:\/\/agora.xtec.cat\/escolalavilapalamos\/general\/cantata-de-1r-lasteroide-nil\/","title":{"rendered":"Cantata de 1r: L&#8217;asteroide Nil"},"content":{"rendered":"<p data-pm-slice=\"1 1 []\">El divendres 10 d&#8217;abril, a la tarda, els i les alumnes de 1r van interpretar la cantata escolar: L&#8217;asteroide Nil. Aquest espectacle el vam fer al teatre La Gorga amb l&#8217;alumnat de 1r de les escoles del Vila-rom\u00e0, Vedruna Xaloc i Vedruna centre. L&#8217;espectacle va ser organitzat per les mestres de m\u00fasica de les diferents escoles, amb el suport de les mestres de 1r. Va ser una tarda molt especial i bonica, ja que es va posar sobre l&#8217;escenari el treball i dedicaci\u00f3 de moltes sessions de m\u00fasica destinades a preparar aquest esdeveniment. Compartir l&#8217;escenari amb tants nens i nenes va ser una experi\u00e8ncia \u00fanica, i amb m\u00fasics que tocaven en directe! Fam\u00edlies, alumnes i mestres vam coincidir que va ser una tarda m\u00e0gica i plena de m\u00fasica, en la qual els nostres infants van gaudir d&#8217;all\u00f2 m\u00e9s.<\/p>\n<p data-pm-slice=\"1 1 []\"><a href=\"https:\/\/agora.xtec.cat\/escolalavilapalamos\/wp-content\/uploads\/usu897\/2026\/04\/WhatsApp-Image-2026-04-13-at-12.17.06.jpeg\"><img loading=\"lazy\" decoding=\"async\" class=\"size-medium wp-image-16670 alignleft\" src=\"https:\/\/agora.xtec.cat\/escolalavilapalamos\/wp-content\/uploads\/usu897\/2026\/04\/WhatsApp-Image-2026-04-13-at-12.17.06-300x190.jpeg\" alt=\"\" width=\"300\" height=\"190\" srcset=\"https:\/\/agora.xtec.cat\/escolalavilapalamos\/wp-content\/uploads\/usu897\/2026\/04\/WhatsApp-Image-2026-04-13-at-12.17.06-300x190.jpeg 300w, https:\/\/agora.xtec.cat\/escolalavilapalamos\/wp-content\/uploads\/usu897\/2026\/04\/WhatsApp-Image-2026-04-13-at-12.17.06-1024x650.jpeg 1024w, https:\/\/agora.xtec.cat\/escolalavilapalamos\/wp-content\/uploads\/usu897\/2026\/04\/WhatsApp-Image-2026-04-13-at-12.17.06-768x488.jpeg 768w, https:\/\/agora.xtec.cat\/escolalavilapalamos\/wp-content\/uploads\/usu897\/2026\/04\/WhatsApp-Image-2026-04-13-at-12.17.06.jpeg 1536w\" sizes=\"auto, (max-width: 300px) 100vw, 300px\" \/><\/a><\/p>\n<p data-pm-slice=\"1 1 []\">\n","protected":false},"excerpt":{"rendered":"<p>El divendres 10 d&#8217;abril, a la tarda, els i les alumnes de 1r van interpretar la cantata escolar: L&#8217;asteroide Nil. Aquest espectacle el vam fer al teatre La Gorga amb l&#8217;alumnat de 1r de les escoles del Vila-rom\u00e0, Vedruna Xaloc i Vedruna centre. L&#8217;espectacle va&hellip;  <a href=\"https:\/\/agora.xtec.cat\/escolalavilapalamos\/general\/cantata-de-1r-lasteroide-nil\/\" title=\"Read Cantata de 1r: L&#8217;asteroide Nil\">Llegeix m\u00e9s\u00bb<\/a><\/p>\n","protected":false},"author":131,"featured_media":0,"comment_status":"open","ping_status":"open","sticky":false,"template":"","format":"standard","meta":{"_bbp_topic_count":0,"_bbp_reply_count":0,"_bbp_total_topic_count":0,"_bbp_total_reply_count":0,"_bbp_voice_count":0,"_bbp_anonymous_reply_count":0,"_bbp_topic_count_hidden":0,"_bbp_reply_count_hidden":0,"_bbp_forum_subforum_count":0,"footnotes":""},"categories":[67,1],"tags":[],"class_list":["post-16669","post","type-post","status-publish","format-standard","hentry","category-especialistes","category-general"],"post_mailing_queue_ids":[],"_links":{"self":[{"href":"https:\/\/agora.xtec.cat\/escolalavilapalamos\/wp-json\/wp\/v2\/posts\/16669","targetHints":{"allow":["GET"]}}],"collection":[{"href":"https:\/\/agora.xtec.cat\/escolalavilapalamos\/wp-json\/wp\/v2\/posts"}],"about":[{"href":"https:\/\/agora.xtec.cat\/escolalavilapalamos\/wp-json\/wp\/v2\/types\/post"}],"author":[{"embeddable":true,"href":"https:\/\/agora.xtec.cat\/escolalavilapalamos\/wp-json\/wp\/v2\/users\/131"}],"replies":[{"embeddable":true,"href":"https:\/\/agora.xtec.cat\/escolalavilapalamos\/wp-json\/wp\/v2\/comments?post=16669"}],"version-history":[{"count":3,"href":"https:\/\/agora.xtec.cat\/escolalavilapalamos\/wp-json\/wp\/v2\/posts\/16669\/revisions"}],"predecessor-version":[{"id":16673,"href":"https:\/\/agora.xtec.cat\/escolalavilapalamos\/wp-json\/wp\/v2\/posts\/16669\/revisions\/16673"}],"wp:attachment":[{"href":"https:\/\/agora.xtec.cat\/escolalavilapalamos\/wp-json\/wp\/v2\/media?parent=16669"}],"wp:term":[{"taxonomy":"category","embeddable":true,"href":"https:\/\/agora.xtec.cat\/escolalavilapalamos\/wp-json\/wp\/v2\/categories?post=16669"},{"taxonomy":"post_tag","embeddable":true,"href":"https:\/\/agora.xtec.cat\/escolalavilapalamos\/wp-json\/wp\/v2\/tags?post=16669"}],"curies":[{"name":"wp","href":"https:\/\/api.w.org\/{rel}","templated":true}]}}