{"id":16589,"date":"2026-03-12T09:06:39","date_gmt":"2026-03-12T08:06:39","guid":{"rendered":"https:\/\/agora.xtec.cat\/escolalavilapalamos\/?p=16589"},"modified":"2026-03-12T09:06:39","modified_gmt":"2026-03-12T08:06:39","slug":"leducacio-emocional-present-a-laula-di4","status":"publish","type":"post","link":"https:\/\/agora.xtec.cat\/escolalavilapalamos\/general\/leducacio-emocional-present-a-laula-di4\/","title":{"rendered":"L&#8217;EDUCACI\u00d3 EMOCIONAL , PRESENT A L&#8217;AULA D&#8217;I4"},"content":{"rendered":"<p class=\"isSelectedEnd\">A l\u2019aula d\u2019I4 treballem l\u2019educaci\u00f3 emocional a trav\u00e9s d\u2019una sessi\u00f3 setmanal pensada perqu\u00e8 els infants aprenguin a identificar i expressar el que senten. Mitjan\u00e7ant contes, jocs i din\u00e0miques adaptades a la seva edat, els nens i nenes descobreixen les diferents emocions i aprenen a posar-hi nom.<\/p>\n<p class=\"isSelectedEnd\">Durant aquestes sessions, els contes esdevenen una eina clau per parlar de sentiments com l\u2019alegria, la tristesa, la r\u00e0bia o la por. A partir de les hist\u00f2ries i dels personatges, els infants comparteixen experi\u00e8ncies pr\u00f2pies i reflexionen sobre com se senten en diferents situacions del dia a dia.<\/p>\n<p class=\"isSelectedEnd\">Els jocs i les activitats participatives els ajuden tamb\u00e9 a recon\u00e8ixer les emocions dels altres, fomentant l\u2019empatia i el respecte entre companys i companyes. D\u2019aquesta manera, aprenen que totes les emocions s\u00f3n v\u00e0lides i que parlar-ne ens ajuda a entendre\u2019ns millor.<\/p>\n<p>Aquest treball d\u2019educaci\u00f3 emocional contribueix al benestar dels infants i afavoreix un clima d\u2019aula positiu, on cadasc\u00fa se sent escoltat i acompanyat en el seu proc\u00e9s de creixement personal.<img loading=\"lazy\" decoding=\"async\" class=\"wp-image-16592 alignleft\" src=\"https:\/\/agora.xtec.cat\/escolalavilapalamos\/wp-content\/uploads\/usu897\/2026\/03\/1773232438043-225x300.jpg\" alt=\"\" width=\"140\" height=\"187\" srcset=\"https:\/\/agora.xtec.cat\/escolalavilapalamos\/wp-content\/uploads\/usu897\/2026\/03\/1773232438043-225x300.jpg 225w, https:\/\/agora.xtec.cat\/escolalavilapalamos\/wp-content\/uploads\/usu897\/2026\/03\/1773232438043-768x1024.jpg 768w, https:\/\/agora.xtec.cat\/escolalavilapalamos\/wp-content\/uploads\/usu897\/2026\/03\/1773232438043-1152x1536.jpg 1152w, https:\/\/agora.xtec.cat\/escolalavilapalamos\/wp-content\/uploads\/usu897\/2026\/03\/1773232438043.jpg 1200w\" sizes=\"auto, (max-width: 140px) 100vw, 140px\" \/><img loading=\"lazy\" decoding=\"async\" class=\"wp-image-16591 alignleft\" src=\"https:\/\/agora.xtec.cat\/escolalavilapalamos\/wp-content\/uploads\/usu897\/2026\/03\/1773232350269-225x300.jpg\" alt=\"\" width=\"141\" height=\"188\" srcset=\"https:\/\/agora.xtec.cat\/escolalavilapalamos\/wp-content\/uploads\/usu897\/2026\/03\/1773232350269-225x300.jpg 225w, https:\/\/agora.xtec.cat\/escolalavilapalamos\/wp-content\/uploads\/usu897\/2026\/03\/1773232350269-768x1024.jpg 768w, https:\/\/agora.xtec.cat\/escolalavilapalamos\/wp-content\/uploads\/usu897\/2026\/03\/1773232350269-1152x1536.jpg 1152w, https:\/\/agora.xtec.cat\/escolalavilapalamos\/wp-content\/uploads\/usu897\/2026\/03\/1773232350269.jpg 1200w\" sizes=\"auto, (max-width: 141px) 100vw, 141px\" \/> <img loading=\"lazy\" decoding=\"async\" class=\"wp-image-16590 alignleft\" src=\"https:\/\/agora.xtec.cat\/escolalavilapalamos\/wp-content\/uploads\/usu897\/2026\/03\/1773232350275-300x225.jpg\" alt=\"\" width=\"249\" height=\"187\" srcset=\"https:\/\/agora.xtec.cat\/escolalavilapalamos\/wp-content\/uploads\/usu897\/2026\/03\/1773232350275-300x225.jpg 300w, https:\/\/agora.xtec.cat\/escolalavilapalamos\/wp-content\/uploads\/usu897\/2026\/03\/1773232350275-1024x768.jpg 1024w, https:\/\/agora.xtec.cat\/escolalavilapalamos\/wp-content\/uploads\/usu897\/2026\/03\/1773232350275-768x576.jpg 768w, https:\/\/agora.xtec.cat\/escolalavilapalamos\/wp-content\/uploads\/usu897\/2026\/03\/1773232350275-1536x1152.jpg 1536w, https:\/\/agora.xtec.cat\/escolalavilapalamos\/wp-content\/uploads\/usu897\/2026\/03\/1773232350275-200x150.jpg 200w, https:\/\/agora.xtec.cat\/escolalavilapalamos\/wp-content\/uploads\/usu897\/2026\/03\/1773232350275.jpg 1600w\" sizes=\"auto, (max-width: 249px) 100vw, 249px\" \/><\/p>\n","protected":false},"excerpt":{"rendered":"<p>A l\u2019aula d\u2019I4 treballem l\u2019educaci\u00f3 emocional a trav\u00e9s d\u2019una sessi\u00f3 setmanal pensada perqu\u00e8 els infants aprenguin a identificar i expressar el que senten. Mitjan\u00e7ant contes, jocs i din\u00e0miques adaptades a la seva edat, els nens i nenes descobreixen les diferents emocions i aprenen a posar-hi&hellip;  <a href=\"https:\/\/agora.xtec.cat\/escolalavilapalamos\/general\/leducacio-emocional-present-a-laula-di4\/\" title=\"Read L&#8217;EDUCACI\u00d3 EMOCIONAL , PRESENT A L&#8217;AULA D&#8217;I4\">Llegeix m\u00e9s\u00bb<\/a><\/p>\n","protected":false},"author":128,"featured_media":0,"comment_status":"open","ping_status":"open","sticky":false,"template":"","format":"standard","meta":{"_bbp_topic_count":0,"_bbp_reply_count":0,"_bbp_total_topic_count":0,"_bbp_total_reply_count":0,"_bbp_voice_count":0,"_bbp_anonymous_reply_count":0,"_bbp_topic_count_hidden":0,"_bbp_reply_count_hidden":0,"_bbp_forum_subforum_count":0,"footnotes":""},"categories":[2,1,4],"tags":[],"class_list":["post-16589","post","type-post","status-publish","format-standard","hentry","category-infantil","category-general","category-portada"],"post_mailing_queue_ids":[],"_links":{"self":[{"href":"https:\/\/agora.xtec.cat\/escolalavilapalamos\/wp-json\/wp\/v2\/posts\/16589","targetHints":{"allow":["GET"]}}],"collection":[{"href":"https:\/\/agora.xtec.cat\/escolalavilapalamos\/wp-json\/wp\/v2\/posts"}],"about":[{"href":"https:\/\/agora.xtec.cat\/escolalavilapalamos\/wp-json\/wp\/v2\/types\/post"}],"author":[{"embeddable":true,"href":"https:\/\/agora.xtec.cat\/escolalavilapalamos\/wp-json\/wp\/v2\/users\/128"}],"replies":[{"embeddable":true,"href":"https:\/\/agora.xtec.cat\/escolalavilapalamos\/wp-json\/wp\/v2\/comments?post=16589"}],"version-history":[{"count":1,"href":"https:\/\/agora.xtec.cat\/escolalavilapalamos\/wp-json\/wp\/v2\/posts\/16589\/revisions"}],"predecessor-version":[{"id":16593,"href":"https:\/\/agora.xtec.cat\/escolalavilapalamos\/wp-json\/wp\/v2\/posts\/16589\/revisions\/16593"}],"wp:attachment":[{"href":"https:\/\/agora.xtec.cat\/escolalavilapalamos\/wp-json\/wp\/v2\/media?parent=16589"}],"wp:term":[{"taxonomy":"category","embeddable":true,"href":"https:\/\/agora.xtec.cat\/escolalavilapalamos\/wp-json\/wp\/v2\/categories?post=16589"},{"taxonomy":"post_tag","embeddable":true,"href":"https:\/\/agora.xtec.cat\/escolalavilapalamos\/wp-json\/wp\/v2\/tags?post=16589"}],"curies":[{"name":"wp","href":"https:\/\/api.w.org\/{rel}","templated":true}]}}