{"id":16587,"date":"2026-03-13T09:50:37","date_gmt":"2026-03-13T08:50:37","guid":{"rendered":"https:\/\/agora.xtec.cat\/escolalavilapalamos\/?p=16587"},"modified":"2026-03-13T09:50:37","modified_gmt":"2026-03-13T08:50:37","slug":"celebrem-el-dia-de-la-dona-a-4t-de-primaria","status":"publish","type":"post","link":"https:\/\/agora.xtec.cat\/escolalavilapalamos\/general\/celebrem-el-dia-de-la-dona-a-4t-de-primaria\/","title":{"rendered":"Celebrem el dia de la dona a 4t de prim\u00e0ria"},"content":{"rendered":"<p data-start=\"49\" data-end=\"332\">A 4t de prim\u00e0ria hem celebrat el <strong>Dia Internacional de la Dona<\/strong>, el 8 de mar\u00e7,\u00a0 amb una activitat que combina art i recerca. Cada alumne ha triat una dona que considera important: algunes s\u00f3n figures hist\u00f2riques i d\u2019altres s\u00f3n dones actuals del m\u00f3n de l\u2019esport, la ci\u00e8ncia, la m\u00fasica o la cultura.<\/p>\n<p data-start=\"334\" data-end=\"496\">Un cop feta la tria, hem investigat qui era aquesta dona, qu\u00e8 va aconseguir i per qu\u00e8 \u00e9s un referent. Despr\u00e9s hem escrit una petita biografia per explicar-ho.<\/p>\n<p data-start=\"498\" data-end=\"774\">Per completar el treball, hem fet un retrat utilitzant la t\u00e8cnica del Pop Art inspirada en Andy Warhol, amb colors vius i contrastats. Finalment, hem exposat tots els treballs al passad\u00eds de l\u2019escola, creant una petita galeria dedicada a dones que han deixat empremta.<\/p>\n<p data-start=\"776\" data-end=\"938\" data-is-last-node=\"\" data-is-only-node=\"\">Amb aquesta activitat hem pogut con\u00e8ixer millor el paper de moltes dones importants i reflexionar sobre la import\u00e0ncia de la igualtat a la nostra societat.<\/p>\n<p data-start=\"776\" data-end=\"938\" data-is-last-node=\"\" data-is-only-node=\"\">Podeu veure les fotos accedint <a href=\"https:\/\/agora.xtec.cat\/escolalavilapalamos\/general\/fotos-dia-dona\/\">AQU\u00cd<\/a><\/p>\n<p data-start=\"776\" data-end=\"938\" data-is-last-node=\"\" data-is-only-node=\"\"><a href=\"https:\/\/agora.xtec.cat\/escolalavilapalamos\/wp-content\/uploads\/usu897\/2026\/03\/foto-noticia-2-.jpg\"><img loading=\"lazy\" decoding=\"async\" class=\"size-medium wp-image-16596 alignleft\" src=\"https:\/\/agora.xtec.cat\/escolalavilapalamos\/wp-content\/uploads\/usu897\/2026\/03\/foto-noticia-2--196x300.jpg\" alt=\"\" width=\"196\" height=\"300\" srcset=\"https:\/\/agora.xtec.cat\/escolalavilapalamos\/wp-content\/uploads\/usu897\/2026\/03\/foto-noticia-2--196x300.jpg 196w, https:\/\/agora.xtec.cat\/escolalavilapalamos\/wp-content\/uploads\/usu897\/2026\/03\/foto-noticia-2-.jpg 406w\" sizes=\"auto, (max-width: 196px) 100vw, 196px\" \/><\/a><img loading=\"lazy\" decoding=\"async\" class=\"size-medium wp-image-16597 alignleft\" src=\"https:\/\/agora.xtec.cat\/escolalavilapalamos\/wp-content\/uploads\/usu897\/2026\/03\/foto-noticia-207x300.jpg\" alt=\"\" width=\"207\" height=\"300\" srcset=\"https:\/\/agora.xtec.cat\/escolalavilapalamos\/wp-content\/uploads\/usu897\/2026\/03\/foto-noticia-207x300.jpg 207w, https:\/\/agora.xtec.cat\/escolalavilapalamos\/wp-content\/uploads\/usu897\/2026\/03\/foto-noticia.jpg 451w\" sizes=\"auto, (max-width: 207px) 100vw, 207px\" \/><\/p>\n<p data-start=\"776\" data-end=\"938\" data-is-last-node=\"\" data-is-only-node=\"\"><a href=\"https:\/\/agora.xtec.cat\/escolalavilapalamos\/wp-content\/uploads\/usu897\/2026\/03\/IMG_0548.heic\"><img decoding=\"async\" class=\"aligncenter size-full wp-image-16594\" src=\"https:\/\/agora.xtec.cat\/escolalavilapalamos\/wp-content\/uploads\/usu897\/2026\/03\/IMG_0548.heic\" alt=\"\" \/><\/a><\/p>\n","protected":false},"excerpt":{"rendered":"<p>A 4t de prim\u00e0ria hem celebrat el Dia Internacional de la Dona, el 8 de mar\u00e7,\u00a0 amb una activitat que combina art i recerca. Cada alumne ha triat una dona que considera important: algunes s\u00f3n figures hist\u00f2riques i d\u2019altres s\u00f3n dones actuals del m\u00f3n de&hellip;  <a href=\"https:\/\/agora.xtec.cat\/escolalavilapalamos\/general\/celebrem-el-dia-de-la-dona-a-4t-de-primaria\/\" title=\"Read Celebrem el dia de la dona a 4t de prim\u00e0ria\">Llegeix m\u00e9s\u00bb<\/a><\/p>\n","protected":false},"author":132,"featured_media":0,"comment_status":"closed","ping_status":"closed","sticky":false,"template":"","format":"standard","meta":{"_bbp_topic_count":0,"_bbp_reply_count":0,"_bbp_total_topic_count":0,"_bbp_total_reply_count":0,"_bbp_voice_count":0,"_bbp_anonymous_reply_count":0,"_bbp_topic_count_hidden":0,"_bbp_reply_count_hidden":0,"_bbp_forum_subforum_count":0,"footnotes":""},"categories":[128,1,4,5],"tags":[],"class_list":["post-16587","post","type-post","status-publish","format-standard","hentry","category-comunitat-de-grans","category-general","category-portada","category-primaria"],"post_mailing_queue_ids":[],"_links":{"self":[{"href":"https:\/\/agora.xtec.cat\/escolalavilapalamos\/wp-json\/wp\/v2\/posts\/16587","targetHints":{"allow":["GET"]}}],"collection":[{"href":"https:\/\/agora.xtec.cat\/escolalavilapalamos\/wp-json\/wp\/v2\/posts"}],"about":[{"href":"https:\/\/agora.xtec.cat\/escolalavilapalamos\/wp-json\/wp\/v2\/types\/post"}],"author":[{"embeddable":true,"href":"https:\/\/agora.xtec.cat\/escolalavilapalamos\/wp-json\/wp\/v2\/users\/132"}],"replies":[{"embeddable":true,"href":"https:\/\/agora.xtec.cat\/escolalavilapalamos\/wp-json\/wp\/v2\/comments?post=16587"}],"version-history":[{"count":4,"href":"https:\/\/agora.xtec.cat\/escolalavilapalamos\/wp-json\/wp\/v2\/posts\/16587\/revisions"}],"predecessor-version":[{"id":16602,"href":"https:\/\/agora.xtec.cat\/escolalavilapalamos\/wp-json\/wp\/v2\/posts\/16587\/revisions\/16602"}],"wp:attachment":[{"href":"https:\/\/agora.xtec.cat\/escolalavilapalamos\/wp-json\/wp\/v2\/media?parent=16587"}],"wp:term":[{"taxonomy":"category","embeddable":true,"href":"https:\/\/agora.xtec.cat\/escolalavilapalamos\/wp-json\/wp\/v2\/categories?post=16587"},{"taxonomy":"post_tag","embeddable":true,"href":"https:\/\/agora.xtec.cat\/escolalavilapalamos\/wp-json\/wp\/v2\/tags?post=16587"}],"curies":[{"name":"wp","href":"https:\/\/api.w.org\/{rel}","templated":true}]}}