{"id":16576,"date":"2026-03-11T10:53:04","date_gmt":"2026-03-11T09:53:04","guid":{"rendered":"https:\/\/agora.xtec.cat\/escolalavilapalamos\/?p=16576"},"modified":"2026-03-11T10:53:43","modified_gmt":"2026-03-11T09:53:43","slug":"xerrades-dexperts-a-6e-2","status":"publish","type":"post","link":"https:\/\/agora.xtec.cat\/escolalavilapalamos\/general\/xerrades-dexperts-a-6e-2\/","title":{"rendered":"Xerrades d&#8217;experts a 6\u00e8"},"content":{"rendered":"<p>&nbsp;<\/p>\n<p><a href=\"https:\/\/agora.xtec.cat\/escolalavilapalamos\/wp-content\/uploads\/usu897\/2026\/03\/IMG_4364-2-scaled.jpg\"><img loading=\"lazy\" decoding=\"async\" class=\"aligncenter wp-image-16585\" src=\"https:\/\/agora.xtec.cat\/escolalavilapalamos\/wp-content\/uploads\/usu897\/2026\/03\/IMG_4364-2-scaled.jpg\" alt=\"\" width=\"389\" height=\"292\" srcset=\"https:\/\/agora.xtec.cat\/escolalavilapalamos\/wp-content\/uploads\/usu897\/2026\/03\/IMG_4364-2-scaled.jpg 2560w, https:\/\/agora.xtec.cat\/escolalavilapalamos\/wp-content\/uploads\/usu897\/2026\/03\/IMG_4364-2-300x225.jpg 300w, https:\/\/agora.xtec.cat\/escolalavilapalamos\/wp-content\/uploads\/usu897\/2026\/03\/IMG_4364-2-1024x768.jpg 1024w, https:\/\/agora.xtec.cat\/escolalavilapalamos\/wp-content\/uploads\/usu897\/2026\/03\/IMG_4364-2-768x576.jpg 768w, https:\/\/agora.xtec.cat\/escolalavilapalamos\/wp-content\/uploads\/usu897\/2026\/03\/IMG_4364-2-1536x1152.jpg 1536w, https:\/\/agora.xtec.cat\/escolalavilapalamos\/wp-content\/uploads\/usu897\/2026\/03\/IMG_4364-2-2048x1536.jpg 2048w, https:\/\/agora.xtec.cat\/escolalavilapalamos\/wp-content\/uploads\/usu897\/2026\/03\/IMG_4364-2-200x150.jpg 200w\" sizes=\"auto, (max-width: 389px) 100vw, 389px\" \/><\/a><\/p>\n<p><span style=\"font-weight: 400;\">Xerrades d\u2019experts a 6\u00e8<\/span><\/p>\n<p><span style=\"font-weight: 400;\">Al llarg del curs de 6\u00e8, l\u2019alumnat tenim diferents xerrades relacionades amb diversos continguts que treballem a l\u2019aula, de la m\u00e0 de professionals experts en cada tema. Aquestes xerrades ens ajuden a acabar d\u2019entendre tot all\u00f2 que hem apr\u00e8s, per\u00f2 tamb\u00e9 ens donen l\u2019oportunitat de resoldre els dubtes que encara ens queden.<\/span><\/p>\n<p><span style=\"font-weight: 400;\">Durant el primer trimestre vam fer una xerrada sobre les vacunes, ja que a 6\u00e8 ens toca vacunar-nos i aix\u00f2 ens genera una mica d\u2019angoixa. Tamb\u00e9 en vam fer una sobre nutrici\u00f3 i alimentaci\u00f3 saludable i, m\u00e9s recentment, n\u2019hem fet una sobre sexualitat. Totes aquestes xerrades estaven relacionades amb el treball globalitzat sobre l\u2019adolesc\u00e8ncia.<\/span><\/p>\n<p><span style=\"font-weight: 400;\">Ens han anat molt b\u00e9 per resoldre dubtes i per acabar d\u2019establir connexions i aprofundir amb tot el que hem treballat a l\u2019aula. Les persones que ens les han fet ens ho han explicat tot molt b\u00e9 i d\u2019una manera molt entenedora, que ens ha agradat molt.<\/span><\/p>\n<p>&nbsp;<\/p>\n<p><span style=\"font-weight: 400;\">Si voleu veure alguna foto, <a href=\"https:\/\/agora.xtec.cat\/escolalavilapalamos\/general\/xerrades-dexperts-a-6e\/\">cliqueu a aquest enlla\u00e7.<\/a><\/span><\/p>\n","protected":false},"excerpt":{"rendered":"<p>&nbsp;<br \/>\n<a href=\"https:\/\/agora.xtec.cat\/escolalavilapalamos\/wp-content\/uploads\/usu897\/2026\/03\/IMG_4364-2-scaled.jpg\"><\/a><br \/>\nXerrades d\u2019experts a 6\u00e8<br \/>\nAl llarg del curs de 6\u00e8, l\u2019alumnat tenim diferents xerrades relacionades amb diversos continguts que treballem a l\u2019aula, de la m\u00e0 de professionals experts en cada tema. Aquestes xerrades ens ajuden a acabar d\u2019entendre tot all\u00f2 que hem apr\u00e8s, per\u00f2 tamb\u00e9&hellip;  <a href=\"https:\/\/agora.xtec.cat\/escolalavilapalamos\/general\/xerrades-dexperts-a-6e-2\/\" title=\"Read Xerrades d&#8217;experts a 6\u00e8\">Llegeix m\u00e9s\u00bb<\/a><\/p>\n","protected":false},"author":132,"featured_media":0,"comment_status":"open","ping_status":"open","sticky":false,"template":"","format":"standard","meta":{"_bbp_topic_count":0,"_bbp_reply_count":0,"_bbp_total_topic_count":0,"_bbp_total_reply_count":0,"_bbp_voice_count":0,"_bbp_anonymous_reply_count":0,"_bbp_topic_count_hidden":0,"_bbp_reply_count_hidden":0,"_bbp_forum_subforum_count":0,"footnotes":""},"categories":[128,1,4,5],"tags":[],"class_list":["post-16576","post","type-post","status-publish","format-standard","hentry","category-comunitat-de-grans","category-general","category-portada","category-primaria"],"post_mailing_queue_ids":[],"_links":{"self":[{"href":"https:\/\/agora.xtec.cat\/escolalavilapalamos\/wp-json\/wp\/v2\/posts\/16576","targetHints":{"allow":["GET"]}}],"collection":[{"href":"https:\/\/agora.xtec.cat\/escolalavilapalamos\/wp-json\/wp\/v2\/posts"}],"about":[{"href":"https:\/\/agora.xtec.cat\/escolalavilapalamos\/wp-json\/wp\/v2\/types\/post"}],"author":[{"embeddable":true,"href":"https:\/\/agora.xtec.cat\/escolalavilapalamos\/wp-json\/wp\/v2\/users\/132"}],"replies":[{"embeddable":true,"href":"https:\/\/agora.xtec.cat\/escolalavilapalamos\/wp-json\/wp\/v2\/comments?post=16576"}],"version-history":[{"count":4,"href":"https:\/\/agora.xtec.cat\/escolalavilapalamos\/wp-json\/wp\/v2\/posts\/16576\/revisions"}],"predecessor-version":[{"id":16586,"href":"https:\/\/agora.xtec.cat\/escolalavilapalamos\/wp-json\/wp\/v2\/posts\/16576\/revisions\/16586"}],"wp:attachment":[{"href":"https:\/\/agora.xtec.cat\/escolalavilapalamos\/wp-json\/wp\/v2\/media?parent=16576"}],"wp:term":[{"taxonomy":"category","embeddable":true,"href":"https:\/\/agora.xtec.cat\/escolalavilapalamos\/wp-json\/wp\/v2\/categories?post=16576"},{"taxonomy":"post_tag","embeddable":true,"href":"https:\/\/agora.xtec.cat\/escolalavilapalamos\/wp-json\/wp\/v2\/tags?post=16576"}],"curies":[{"name":"wp","href":"https:\/\/api.w.org\/{rel}","templated":true}]}}