{"id":16569,"date":"2026-03-05T14:02:59","date_gmt":"2026-03-05T13:02:59","guid":{"rendered":"https:\/\/agora.xtec.cat\/escolalavilapalamos\/?p=16569"},"modified":"2026-03-05T14:03:03","modified_gmt":"2026-03-05T13:03:03","slug":"aixi-soc-jo","status":"publish","type":"post","link":"https:\/\/agora.xtec.cat\/escolalavilapalamos\/general\/aixi-soc-jo\/","title":{"rendered":"AIX\u00cd S\u00d3C JO"},"content":{"rendered":"<p>L&#8217;esquema corporal \u00e9s la representaci\u00f3 mental que tenim del nostre cos, de les diferents parts i de la globalitat, \u00e9s a dir, la nostra consci\u00e8ncia corporal. A\u00a0 Educaci\u00f3 Infantil es treballa de manera vivencial i significativa pels infants, amb diferents activitats relacionades amb les parts del cos.<\/p>\n<p>Us deixem una mostra de l&#8217;activitat de representaci\u00f3 gr\u00e0fica de l&#8217;esquema corporal que han fet els infants.<\/p>\n<p>Podeu veure les fotografies clicant a la imatge <a href=\"https:\/\/agora.xtec.cat\/escolalavilapalamos\/general\/fotos-aixi-soc-jo\/\"><img loading=\"lazy\" decoding=\"async\" class=\"aligncenter wp-image-16570\" src=\"https:\/\/agora.xtec.cat\/escolalavilapalamos\/wp-content\/uploads\/usu897\/2026\/03\/cos-277x300.jpg\" alt=\"\" width=\"130\" height=\"141\" srcset=\"https:\/\/agora.xtec.cat\/escolalavilapalamos\/wp-content\/uploads\/usu897\/2026\/03\/cos-277x300.jpg 277w, https:\/\/agora.xtec.cat\/escolalavilapalamos\/wp-content\/uploads\/usu897\/2026\/03\/cos-945x1024.jpg 945w, https:\/\/agora.xtec.cat\/escolalavilapalamos\/wp-content\/uploads\/usu897\/2026\/03\/cos-768x832.jpg 768w, https:\/\/agora.xtec.cat\/escolalavilapalamos\/wp-content\/uploads\/usu897\/2026\/03\/cos-1418x1536.jpg 1418w, https:\/\/agora.xtec.cat\/escolalavilapalamos\/wp-content\/uploads\/usu897\/2026\/03\/cos-1890x2048.jpg 1890w, https:\/\/agora.xtec.cat\/escolalavilapalamos\/wp-content\/uploads\/usu897\/2026\/03\/cos.jpg 2010w\" sizes=\"auto, (max-width: 130px) 100vw, 130px\" \/><\/a><\/p>\n","protected":false},"excerpt":{"rendered":"<p>L&#8217;esquema corporal \u00e9s la representaci\u00f3 mental que tenim del nostre cos, de les diferents parts i de la globalitat, \u00e9s a dir, la nostra consci\u00e8ncia corporal. A\u00a0 Educaci\u00f3 Infantil es treballa de manera vivencial i significativa pels infants, amb diferents activitats relacionades amb les parts&hellip;  <a href=\"https:\/\/agora.xtec.cat\/escolalavilapalamos\/general\/aixi-soc-jo\/\" title=\"Read AIX\u00cd S\u00d3C JO\">Llegeix m\u00e9s\u00bb<\/a><\/p>\n","protected":false},"author":128,"featured_media":0,"comment_status":"open","ping_status":"open","sticky":false,"template":"","format":"standard","meta":{"_bbp_topic_count":0,"_bbp_reply_count":0,"_bbp_total_topic_count":0,"_bbp_total_reply_count":0,"_bbp_voice_count":0,"_bbp_anonymous_reply_count":0,"_bbp_topic_count_hidden":0,"_bbp_reply_count_hidden":0,"_bbp_forum_subforum_count":0,"footnotes":""},"categories":[2,1,4],"tags":[],"class_list":["post-16569","post","type-post","status-publish","format-standard","hentry","category-infantil","category-general","category-portada"],"post_mailing_queue_ids":[],"_links":{"self":[{"href":"https:\/\/agora.xtec.cat\/escolalavilapalamos\/wp-json\/wp\/v2\/posts\/16569","targetHints":{"allow":["GET"]}}],"collection":[{"href":"https:\/\/agora.xtec.cat\/escolalavilapalamos\/wp-json\/wp\/v2\/posts"}],"about":[{"href":"https:\/\/agora.xtec.cat\/escolalavilapalamos\/wp-json\/wp\/v2\/types\/post"}],"author":[{"embeddable":true,"href":"https:\/\/agora.xtec.cat\/escolalavilapalamos\/wp-json\/wp\/v2\/users\/128"}],"replies":[{"embeddable":true,"href":"https:\/\/agora.xtec.cat\/escolalavilapalamos\/wp-json\/wp\/v2\/comments?post=16569"}],"version-history":[{"count":2,"href":"https:\/\/agora.xtec.cat\/escolalavilapalamos\/wp-json\/wp\/v2\/posts\/16569\/revisions"}],"predecessor-version":[{"id":16574,"href":"https:\/\/agora.xtec.cat\/escolalavilapalamos\/wp-json\/wp\/v2\/posts\/16569\/revisions\/16574"}],"wp:attachment":[{"href":"https:\/\/agora.xtec.cat\/escolalavilapalamos\/wp-json\/wp\/v2\/media?parent=16569"}],"wp:term":[{"taxonomy":"category","embeddable":true,"href":"https:\/\/agora.xtec.cat\/escolalavilapalamos\/wp-json\/wp\/v2\/categories?post=16569"},{"taxonomy":"post_tag","embeddable":true,"href":"https:\/\/agora.xtec.cat\/escolalavilapalamos\/wp-json\/wp\/v2\/tags?post=16569"}],"curies":[{"name":"wp","href":"https:\/\/api.w.org\/{rel}","templated":true}]}}