{"id":16528,"date":"2026-02-27T09:54:06","date_gmt":"2026-02-27T08:54:06","guid":{"rendered":"https:\/\/agora.xtec.cat\/escolalavilapalamos\/?p=16528"},"modified":"2026-02-27T09:54:22","modified_gmt":"2026-02-27T08:54:22","slug":"a-1r-ballem-la-dansa-7-jumps-2","status":"publish","type":"post","link":"https:\/\/agora.xtec.cat\/escolalavilapalamos\/general\/a-1r-ballem-la-dansa-7-jumps-2\/","title":{"rendered":"A 1r ballem la dansa: 7 jumps!"},"content":{"rendered":"<p><span style=\"font-weight: 400;\">Els i les alumnes de 1r hem apr\u00e8s a ballar una dansa que es diu <\/span><b>7 jumps. <\/b><span style=\"font-weight: 400;\">\u00c9s un <\/span><span style=\"font-weight: 400;\">ball tradicional de Dinamarca, generalment en cercle, on els i les participants realitzen una s\u00e8rie de passos i, a cada estrofa, afegeixen un gest acumulatiu (aixecar un bra\u00e7, fer un salt, agenollar-se&#8230;) fins a sumar set moviments. En un primer moment la mestra va ser qui va donar les indicacions dels 7 moviments a realitzar, per\u00f2 despr\u00e9s els nens i les nenes van escollir qu\u00e8 volien anar fent en aquests compassos de la m\u00fasica.\u00a0<\/span><\/p>\n<p><span style=\"font-weight: 400;\">Una dansa molt divertida que ens perm\u00e8s treballar ritme, coordinaci\u00f3 i mem\u00f2ria, al mateix temps que gaudim i riem plegats!<\/span><\/p>\n<p>Podeu veure les imatges a la carpeta de grup.<\/p>\n<p><img loading=\"lazy\" decoding=\"async\" class=\"\" src=\"https:\/\/agora.xtec.cat\/ceip-jacint-verdaguer-tarrega\/wp-content\/uploads\/usu312\/2020\/02\/INFANTS-BALLANT.jpg\" alt=\"Ol\u00edmpica \u2013 P\u00e0gina 8 \u2013 Jacint Verdaguer\" width=\"424\" height=\"214\" \/><\/p>\n","protected":false},"excerpt":{"rendered":"<p>Els i les alumnes de 1r hem apr\u00e8s a ballar una dansa que es diu 7 jumps. \u00c9s un ball tradicional de Dinamarca, generalment en cercle, on els i les participants realitzen una s\u00e8rie de passos i, a cada estrofa, afegeixen un gest acumulatiu (aixecar&hellip;  <a href=\"https:\/\/agora.xtec.cat\/escolalavilapalamos\/general\/a-1r-ballem-la-dansa-7-jumps-2\/\" title=\"Read A 1r ballem la dansa: 7 jumps!\">Llegeix m\u00e9s\u00bb<\/a><\/p>\n","protected":false},"author":131,"featured_media":0,"comment_status":"open","ping_status":"open","sticky":false,"template":"","format":"standard","meta":{"_bbp_topic_count":0,"_bbp_reply_count":0,"_bbp_total_topic_count":0,"_bbp_total_reply_count":0,"_bbp_voice_count":0,"_bbp_anonymous_reply_count":0,"_bbp_topic_count_hidden":0,"_bbp_reply_count_hidden":0,"_bbp_forum_subforum_count":0,"footnotes":""},"categories":[127,67,1,4],"tags":[],"class_list":["post-16528","post","type-post","status-publish","format-standard","hentry","category-comunitat-de-mitjans","category-especialistes","category-general","category-portada"],"post_mailing_queue_ids":[],"_links":{"self":[{"href":"https:\/\/agora.xtec.cat\/escolalavilapalamos\/wp-json\/wp\/v2\/posts\/16528","targetHints":{"allow":["GET"]}}],"collection":[{"href":"https:\/\/agora.xtec.cat\/escolalavilapalamos\/wp-json\/wp\/v2\/posts"}],"about":[{"href":"https:\/\/agora.xtec.cat\/escolalavilapalamos\/wp-json\/wp\/v2\/types\/post"}],"author":[{"embeddable":true,"href":"https:\/\/agora.xtec.cat\/escolalavilapalamos\/wp-json\/wp\/v2\/users\/131"}],"replies":[{"embeddable":true,"href":"https:\/\/agora.xtec.cat\/escolalavilapalamos\/wp-json\/wp\/v2\/comments?post=16528"}],"version-history":[{"count":2,"href":"https:\/\/agora.xtec.cat\/escolalavilapalamos\/wp-json\/wp\/v2\/posts\/16528\/revisions"}],"predecessor-version":[{"id":16546,"href":"https:\/\/agora.xtec.cat\/escolalavilapalamos\/wp-json\/wp\/v2\/posts\/16528\/revisions\/16546"}],"wp:attachment":[{"href":"https:\/\/agora.xtec.cat\/escolalavilapalamos\/wp-json\/wp\/v2\/media?parent=16528"}],"wp:term":[{"taxonomy":"category","embeddable":true,"href":"https:\/\/agora.xtec.cat\/escolalavilapalamos\/wp-json\/wp\/v2\/categories?post=16528"},{"taxonomy":"post_tag","embeddable":true,"href":"https:\/\/agora.xtec.cat\/escolalavilapalamos\/wp-json\/wp\/v2\/tags?post=16528"}],"curies":[{"name":"wp","href":"https:\/\/api.w.org\/{rel}","templated":true}]}}