{"id":16522,"date":"2026-02-27T09:52:16","date_gmt":"2026-02-27T08:52:16","guid":{"rendered":"https:\/\/agora.xtec.cat\/escolalavilapalamos\/?p=16522"},"modified":"2026-02-27T09:52:16","modified_gmt":"2026-02-27T08:52:16","slug":"la-claueta","status":"publish","type":"post","link":"https:\/\/agora.xtec.cat\/escolalavilapalamos\/general\/la-claueta\/","title":{"rendered":"&#8220;La Claueta&#8221;"},"content":{"rendered":"<p><span style=\"font-weight: 400;\">Aquesta setmana ha arribat a la classe de m\u00fasica &#8220;La Claueta&#8221;. Ha estat tota una sorpresa! Ens ha deixat escrit un missatge en el qual ens explica que despr\u00e9s de voltar per moltes escoles, ha decidit quedar-se a la nostra per acompanyar als nens i nenes a les hores de m\u00fasica! Aix\u00ed que a partir d&#8217;ara podrem gaudir de la companyia d&#8217;aquesta nova amiga que ens seguir\u00e0 en tot all\u00f2 que fem! Els nens i les nenes estan molt contents i il\u00b7lusionats <span style=\"font-family: inherit; font-size: 1em;\">amb aquesta nova amiga a les hores de m\u00fasica.<\/span><\/span><\/p>\n<p><img loading=\"lazy\" decoding=\"async\" class=\"size-medium wp-image-16525 alignleft\" src=\"https:\/\/agora.xtec.cat\/escolalavilapalamos\/wp-content\/uploads\/usu897\/2026\/02\/WhatsApp-Image-2026-02-27-at-08.13.13-135x300.jpeg\" alt=\"\" width=\"135\" height=\"300\" srcset=\"https:\/\/agora.xtec.cat\/escolalavilapalamos\/wp-content\/uploads\/usu897\/2026\/02\/WhatsApp-Image-2026-02-27-at-08.13.13-135x300.jpeg 135w, https:\/\/agora.xtec.cat\/escolalavilapalamos\/wp-content\/uploads\/usu897\/2026\/02\/WhatsApp-Image-2026-02-27-at-08.13.13-462x1024.jpeg 462w, https:\/\/agora.xtec.cat\/escolalavilapalamos\/wp-content\/uploads\/usu897\/2026\/02\/WhatsApp-Image-2026-02-27-at-08.13.13-768x1704.jpeg 768w, https:\/\/agora.xtec.cat\/escolalavilapalamos\/wp-content\/uploads\/usu897\/2026\/02\/WhatsApp-Image-2026-02-27-at-08.13.13-692x1536.jpeg 692w, https:\/\/agora.xtec.cat\/escolalavilapalamos\/wp-content\/uploads\/usu897\/2026\/02\/WhatsApp-Image-2026-02-27-at-08.13.13.jpeg 923w\" sizes=\"auto, (max-width: 135px) 100vw, 135px\" \/><img loading=\"lazy\" decoding=\"async\" class=\"size-medium wp-image-16523 alignleft\" src=\"https:\/\/agora.xtec.cat\/escolalavilapalamos\/wp-content\/uploads\/usu897\/2026\/02\/WhatsApp-Image-2026-02-25-at-08.23.43-169x300.jpeg\" alt=\"\" width=\"169\" height=\"300\" srcset=\"https:\/\/agora.xtec.cat\/escolalavilapalamos\/wp-content\/uploads\/usu897\/2026\/02\/WhatsApp-Image-2026-02-25-at-08.23.43-169x300.jpeg 169w, https:\/\/agora.xtec.cat\/escolalavilapalamos\/wp-content\/uploads\/usu897\/2026\/02\/WhatsApp-Image-2026-02-25-at-08.23.43-576x1024.jpeg 576w, https:\/\/agora.xtec.cat\/escolalavilapalamos\/wp-content\/uploads\/usu897\/2026\/02\/WhatsApp-Image-2026-02-25-at-08.23.43-768x1365.jpeg 768w, https:\/\/agora.xtec.cat\/escolalavilapalamos\/wp-content\/uploads\/usu897\/2026\/02\/WhatsApp-Image-2026-02-25-at-08.23.43-864x1536.jpeg 864w, https:\/\/agora.xtec.cat\/escolalavilapalamos\/wp-content\/uploads\/usu897\/2026\/02\/WhatsApp-Image-2026-02-25-at-08.23.43.jpeg 1080w\" sizes=\"auto, (max-width: 169px) 100vw, 169px\" \/><img loading=\"lazy\" decoding=\"async\" class=\"size-medium wp-image-16524 alignleft\" src=\"https:\/\/agora.xtec.cat\/escolalavilapalamos\/wp-content\/uploads\/usu897\/2026\/02\/WhatsApp-Image-2026-02-25-at-08.23.43-1-169x300.jpeg\" alt=\"\" width=\"169\" height=\"300\" srcset=\"https:\/\/agora.xtec.cat\/escolalavilapalamos\/wp-content\/uploads\/usu897\/2026\/02\/WhatsApp-Image-2026-02-25-at-08.23.43-1-169x300.jpeg 169w, https:\/\/agora.xtec.cat\/escolalavilapalamos\/wp-content\/uploads\/usu897\/2026\/02\/WhatsApp-Image-2026-02-25-at-08.23.43-1-576x1024.jpeg 576w, https:\/\/agora.xtec.cat\/escolalavilapalamos\/wp-content\/uploads\/usu897\/2026\/02\/WhatsApp-Image-2026-02-25-at-08.23.43-1-768x1365.jpeg 768w, https:\/\/agora.xtec.cat\/escolalavilapalamos\/wp-content\/uploads\/usu897\/2026\/02\/WhatsApp-Image-2026-02-25-at-08.23.43-1-864x1536.jpeg 864w, https:\/\/agora.xtec.cat\/escolalavilapalamos\/wp-content\/uploads\/usu897\/2026\/02\/WhatsApp-Image-2026-02-25-at-08.23.43-1.jpeg 1080w\" sizes=\"auto, (max-width: 169px) 100vw, 169px\" \/><\/p>\n","protected":false},"excerpt":{"rendered":"<p>Aquesta setmana ha arribat a la classe de m\u00fasica &#8220;La Claueta&#8221;. Ha estat tota una sorpresa! Ens ha deixat escrit un missatge en el qual ens explica que despr\u00e9s de voltar per moltes escoles, ha decidit quedar-se a la nostra per acompanyar als nens i&hellip;  <a href=\"https:\/\/agora.xtec.cat\/escolalavilapalamos\/general\/la-claueta\/\" title=\"Read &#8220;La Claueta&#8221;\">Llegeix m\u00e9s\u00bb<\/a><\/p>\n","protected":false},"author":128,"featured_media":0,"comment_status":"open","ping_status":"open","sticky":false,"template":"","format":"standard","meta":{"_bbp_topic_count":0,"_bbp_reply_count":0,"_bbp_total_topic_count":0,"_bbp_total_reply_count":0,"_bbp_voice_count":0,"_bbp_anonymous_reply_count":0,"_bbp_topic_count_hidden":0,"_bbp_reply_count_hidden":0,"_bbp_forum_subforum_count":0,"footnotes":""},"categories":[127,2,67,1,68,4],"tags":[],"class_list":["post-16522","post","type-post","status-publish","format-standard","hentry","category-comunitat-de-mitjans","category-infantil","category-especialistes","category-general","category-musica","category-portada"],"post_mailing_queue_ids":[],"_links":{"self":[{"href":"https:\/\/agora.xtec.cat\/escolalavilapalamos\/wp-json\/wp\/v2\/posts\/16522","targetHints":{"allow":["GET"]}}],"collection":[{"href":"https:\/\/agora.xtec.cat\/escolalavilapalamos\/wp-json\/wp\/v2\/posts"}],"about":[{"href":"https:\/\/agora.xtec.cat\/escolalavilapalamos\/wp-json\/wp\/v2\/types\/post"}],"author":[{"embeddable":true,"href":"https:\/\/agora.xtec.cat\/escolalavilapalamos\/wp-json\/wp\/v2\/users\/128"}],"replies":[{"embeddable":true,"href":"https:\/\/agora.xtec.cat\/escolalavilapalamos\/wp-json\/wp\/v2\/comments?post=16522"}],"version-history":[{"count":2,"href":"https:\/\/agora.xtec.cat\/escolalavilapalamos\/wp-json\/wp\/v2\/posts\/16522\/revisions"}],"predecessor-version":[{"id":16545,"href":"https:\/\/agora.xtec.cat\/escolalavilapalamos\/wp-json\/wp\/v2\/posts\/16522\/revisions\/16545"}],"wp:attachment":[{"href":"https:\/\/agora.xtec.cat\/escolalavilapalamos\/wp-json\/wp\/v2\/media?parent=16522"}],"wp:term":[{"taxonomy":"category","embeddable":true,"href":"https:\/\/agora.xtec.cat\/escolalavilapalamos\/wp-json\/wp\/v2\/categories?post=16522"},{"taxonomy":"post_tag","embeddable":true,"href":"https:\/\/agora.xtec.cat\/escolalavilapalamos\/wp-json\/wp\/v2\/tags?post=16522"}],"curies":[{"name":"wp","href":"https:\/\/api.w.org\/{rel}","templated":true}]}}