{"id":16511,"date":"2026-02-26T16:05:38","date_gmt":"2026-02-26T15:05:38","guid":{"rendered":"https:\/\/agora.xtec.cat\/escolalavilapalamos\/?p=16511"},"modified":"2026-02-27T09:55:00","modified_gmt":"2026-02-27T08:55:00","slug":"sortida-marina-palamos-i-cala-a-i5","status":"publish","type":"post","link":"https:\/\/agora.xtec.cat\/escolalavilapalamos\/general\/sortida-marina-palamos-i-cala-a-i5\/","title":{"rendered":"SORTIDA MARINA PALAM\u00d3S I CALA A I5"},"content":{"rendered":"<p>Hola fam\u00edlies!!!<\/p>\n<p>Seguint amb el projecte de descobrir els indrets del nostre poble, aquesta vegada hem anat a veure el Port Marina i la Cala Morro del Vedell&#8230;Hem apr\u00e8s\u00a0 moltes coses, hem gaudit de l&#8217;espai i ens ho hem passat d&#8217;all\u00f2 m\u00e9s b\u00e9.<\/p>\n<p>Posteriorment a les sortides, fem una treball escrit en petits grup on consolidem els conceptes apresos a la sortida!!!<\/p>\n<p>Esperem que el recull de fotografies que us hem seleccionat us agradin&#8230;<\/p>\n<p><img loading=\"lazy\" decoding=\"async\" class=\"\" src=\"https:\/\/images.gestionaweb.cat\/2373\/imgf-1200-630\/ports-palamos-1581157.jpg\" alt=\"Marina Palam\u00f3s - Ports Costa Brava\" width=\"289\" height=\"152\" \/>\u00a0 \u00a0 \u00a0 \u00a0 \u00a0 \u00a0 \u00a0 \u00a0 \u00a0 \u00a0 \u00a0 \u00a0 <img loading=\"lazy\" decoding=\"async\" class=\"\" src=\"https:\/\/www.visitacostabrava.com\/media\/items\/fullhd\/cala-del-morro-del-vedell-palamos--1-.jpg\" alt=\"Cala del Morro del Vedell en Palam\u00f3s - 2025 - Visita Costa Brava\" width=\"265\" height=\"149\" \/><\/p>\n","protected":false},"excerpt":{"rendered":"<p>Hola fam\u00edlies!!!<br \/>\nSeguint amb el projecte de descobrir els indrets del nostre poble, aquesta vegada hem anat a veure el Port Marina i la Cala Morro del Vedell&#8230;Hem apr\u00e8s\u00a0 moltes coses, hem gaudit de l&#8217;espai i ens ho hem passat d&#8217;all\u00f2 m\u00e9s b\u00e9.<br \/>\nPosteriorment a les sortides,&hellip;  <a href=\"https:\/\/agora.xtec.cat\/escolalavilapalamos\/general\/sortida-marina-palamos-i-cala-a-i5\/\" title=\"Read SORTIDA MARINA PALAM\u00d3S I CALA A I5\">Llegeix m\u00e9s\u00bb<\/a><\/p>\n","protected":false},"author":128,"featured_media":0,"comment_status":"open","ping_status":"open","sticky":false,"template":"","format":"standard","meta":{"_bbp_topic_count":0,"_bbp_reply_count":0,"_bbp_total_topic_count":0,"_bbp_total_reply_count":0,"_bbp_voice_count":0,"_bbp_anonymous_reply_count":0,"_bbp_topic_count_hidden":0,"_bbp_reply_count_hidden":0,"_bbp_forum_subforum_count":0,"footnotes":""},"categories":[1,4],"tags":[],"class_list":["post-16511","post","type-post","status-publish","format-standard","hentry","category-general","category-portada"],"post_mailing_queue_ids":[],"_links":{"self":[{"href":"https:\/\/agora.xtec.cat\/escolalavilapalamos\/wp-json\/wp\/v2\/posts\/16511","targetHints":{"allow":["GET"]}}],"collection":[{"href":"https:\/\/agora.xtec.cat\/escolalavilapalamos\/wp-json\/wp\/v2\/posts"}],"about":[{"href":"https:\/\/agora.xtec.cat\/escolalavilapalamos\/wp-json\/wp\/v2\/types\/post"}],"author":[{"embeddable":true,"href":"https:\/\/agora.xtec.cat\/escolalavilapalamos\/wp-json\/wp\/v2\/users\/128"}],"replies":[{"embeddable":true,"href":"https:\/\/agora.xtec.cat\/escolalavilapalamos\/wp-json\/wp\/v2\/comments?post=16511"}],"version-history":[{"count":5,"href":"https:\/\/agora.xtec.cat\/escolalavilapalamos\/wp-json\/wp\/v2\/posts\/16511\/revisions"}],"predecessor-version":[{"id":16547,"href":"https:\/\/agora.xtec.cat\/escolalavilapalamos\/wp-json\/wp\/v2\/posts\/16511\/revisions\/16547"}],"wp:attachment":[{"href":"https:\/\/agora.xtec.cat\/escolalavilapalamos\/wp-json\/wp\/v2\/media?parent=16511"}],"wp:term":[{"taxonomy":"category","embeddable":true,"href":"https:\/\/agora.xtec.cat\/escolalavilapalamos\/wp-json\/wp\/v2\/categories?post=16511"},{"taxonomy":"post_tag","embeddable":true,"href":"https:\/\/agora.xtec.cat\/escolalavilapalamos\/wp-json\/wp\/v2\/tags?post=16511"}],"curies":[{"name":"wp","href":"https:\/\/api.w.org\/{rel}","templated":true}]}}