{"id":16504,"date":"2026-02-26T08:48:34","date_gmt":"2026-02-26T07:48:34","guid":{"rendered":"https:\/\/agora.xtec.cat\/escolalavilapalamos\/?p=16504"},"modified":"2026-02-26T08:48:34","modified_gmt":"2026-02-26T07:48:34","slug":"poliritmies-a-6e-2","status":"publish","type":"post","link":"https:\/\/agora.xtec.cat\/escolalavilapalamos\/general\/poliritmies-a-6e-2\/","title":{"rendered":"Polir\u00edtmies a 6\u00e8"},"content":{"rendered":"<p>Els i les alumnes de 6\u00e8 hem creat i interpretat en petits grups una polir\u00edtmia, que consisteix a crear m\u00e9s d&#8217;un ritme i interpretar-los a la vegada. Aquest proc\u00e9s es va iniciar amb una lectura de ritmes ja creats, primer individualment i despr\u00e9s col\u00b7lectiu. Un cop ja ten\u00edem clar com interpretar-ho i en qu\u00e8 consistia, vam comen\u00e7ar a crear els nostres ritmes i de mica en mica i amb treball cooperatiu vam obtenir un gran resultat.<\/p>\n<p>L&#8217;objectiu de la tasca va ser ,en primer lloc, refor\u00e7ar el llenguatge r\u00edtmic i\u00a0 desenvolupar la capacitat de tocar el nostre ritme juntament amb els dels companys\/es. Una feina que es va aconseguir amb \u00e8xit!<\/p>\n<p>Si voleu visualitzar els v\u00eddeos, cliqueu <a href=\"https:\/\/drive.google.com\/drive\/u\/2\/folders\/1BwEqLLQVQuLs6CCc94p-2obG-h2al7oZ\">aqu\u00ed<\/a><a href=\"https:\/\/agora.xtec.cat\/escolalavilapalamos\/wp-content\/uploads\/usu897\/2026\/02\/20260203_113844-scaled.jpg\"><img loading=\"lazy\" decoding=\"async\" class=\"aligncenter size-medium wp-image-16509\" src=\"https:\/\/agora.xtec.cat\/escolalavilapalamos\/wp-content\/uploads\/usu897\/2026\/02\/20260203_113844-226x300.jpg\" alt=\"\" width=\"226\" height=\"300\" srcset=\"https:\/\/agora.xtec.cat\/escolalavilapalamos\/wp-content\/uploads\/usu897\/2026\/02\/20260203_113844-226x300.jpg 226w, https:\/\/agora.xtec.cat\/escolalavilapalamos\/wp-content\/uploads\/usu897\/2026\/02\/20260203_113844-772x1024.jpg 772w, https:\/\/agora.xtec.cat\/escolalavilapalamos\/wp-content\/uploads\/usu897\/2026\/02\/20260203_113844-768x1019.jpg 768w, https:\/\/agora.xtec.cat\/escolalavilapalamos\/wp-content\/uploads\/usu897\/2026\/02\/20260203_113844-1157x1536.jpg 1157w, https:\/\/agora.xtec.cat\/escolalavilapalamos\/wp-content\/uploads\/usu897\/2026\/02\/20260203_113844-1543x2048.jpg 1543w, https:\/\/agora.xtec.cat\/escolalavilapalamos\/wp-content\/uploads\/usu897\/2026\/02\/20260203_113844-scaled.jpg 1929w\" sizes=\"auto, (max-width: 226px) 100vw, 226px\" \/><\/a><\/p>\n<p>&nbsp;<\/p>\n","protected":false},"excerpt":{"rendered":"<p>Els i les alumnes de 6\u00e8 hem creat i interpretat en petits grups una polir\u00edtmia, que consisteix a crear m\u00e9s d&#8217;un ritme i interpretar-los a la vegada. Aquest proc\u00e9s es va iniciar amb una lectura de ritmes ja creats, primer individualment i despr\u00e9s col\u00b7lectiu. Un&hellip;  <a href=\"https:\/\/agora.xtec.cat\/escolalavilapalamos\/general\/poliritmies-a-6e-2\/\" title=\"Read Polir\u00edtmies a 6\u00e8\">Llegeix m\u00e9s\u00bb<\/a><\/p>\n","protected":false},"author":132,"featured_media":0,"comment_status":"open","ping_status":"open","sticky":false,"template":"","format":"standard","meta":{"_bbp_topic_count":0,"_bbp_reply_count":0,"_bbp_total_topic_count":0,"_bbp_total_reply_count":0,"_bbp_voice_count":0,"_bbp_anonymous_reply_count":0,"_bbp_topic_count_hidden":0,"_bbp_reply_count_hidden":0,"_bbp_forum_subforum_count":0,"footnotes":""},"categories":[128,67,1,4],"tags":[],"class_list":["post-16504","post","type-post","status-publish","format-standard","hentry","category-comunitat-de-grans","category-especialistes","category-general","category-portada"],"post_mailing_queue_ids":[],"_links":{"self":[{"href":"https:\/\/agora.xtec.cat\/escolalavilapalamos\/wp-json\/wp\/v2\/posts\/16504","targetHints":{"allow":["GET"]}}],"collection":[{"href":"https:\/\/agora.xtec.cat\/escolalavilapalamos\/wp-json\/wp\/v2\/posts"}],"about":[{"href":"https:\/\/agora.xtec.cat\/escolalavilapalamos\/wp-json\/wp\/v2\/types\/post"}],"author":[{"embeddable":true,"href":"https:\/\/agora.xtec.cat\/escolalavilapalamos\/wp-json\/wp\/v2\/users\/132"}],"replies":[{"embeddable":true,"href":"https:\/\/agora.xtec.cat\/escolalavilapalamos\/wp-json\/wp\/v2\/comments?post=16504"}],"version-history":[{"count":2,"href":"https:\/\/agora.xtec.cat\/escolalavilapalamos\/wp-json\/wp\/v2\/posts\/16504\/revisions"}],"predecessor-version":[{"id":16510,"href":"https:\/\/agora.xtec.cat\/escolalavilapalamos\/wp-json\/wp\/v2\/posts\/16504\/revisions\/16510"}],"wp:attachment":[{"href":"https:\/\/agora.xtec.cat\/escolalavilapalamos\/wp-json\/wp\/v2\/media?parent=16504"}],"wp:term":[{"taxonomy":"category","embeddable":true,"href":"https:\/\/agora.xtec.cat\/escolalavilapalamos\/wp-json\/wp\/v2\/categories?post=16504"},{"taxonomy":"post_tag","embeddable":true,"href":"https:\/\/agora.xtec.cat\/escolalavilapalamos\/wp-json\/wp\/v2\/tags?post=16504"}],"curies":[{"name":"wp","href":"https:\/\/api.w.org\/{rel}","templated":true}]}}