{"id":16493,"date":"2026-02-23T09:18:00","date_gmt":"2026-02-23T08:18:00","guid":{"rendered":"https:\/\/agora.xtec.cat\/escolalavilapalamos\/?p=16493"},"modified":"2026-02-23T09:18:00","modified_gmt":"2026-02-23T08:18:00","slug":"els-de-2n-cuidem-lhort-de-lescola","status":"publish","type":"post","link":"https:\/\/agora.xtec.cat\/escolalavilapalamos\/general\/els-de-2n-cuidem-lhort-de-lescola\/","title":{"rendered":"ELS DE 2n CUIDEM L&#8217;HORT DE L&#8217;ESCOLA!"},"content":{"rendered":"<p data-start=\"147\" data-end=\"328\">A 2n estem fent el treball globalitzat <strong data-start=\"210\" data-end=\"248\">del nostre hort escolar<\/strong>. Est\u00e0 esdevenint una experi\u00e8ncia plena de descobertes, aprenentatges i molta il\u00b7lusi\u00f3!<\/p>\n<p data-start=\"330\" data-end=\"621\">Per comen\u00e7ar, vam observar el pati i vam parlar sobre quins \u00e9ssers vius hi trobem. A partir d\u2019aqu\u00ed, vam aprendre a diferenciar entre \u00e9ssers vius i \u00e9ssers inerts. Ara sabem que els \u00e9ssers vius neixen, creixen, es reprodueixen i moren, i que necessiten aliment, aire i aigua per viure.<\/p>\n<div class=\"relative basis-auto flex-col -mb-(--composer-overlap-px) [--composer-overlap-px:55px] grow flex\">\n<div class=\"flex flex-col text-sm\">\n<article class=\"text-token-text-primary w-full focus:outline-none [--shadow-height:45px] has-data-writing-block:pointer-events-none has-data-writing-block:-mt-(--shadow-height) has-data-writing-block:pt-(--shadow-height) [&amp;:has([data-writing-block])&gt;*]:pointer-events-auto scroll-mt-[calc(var(--header-height)+min(200px,max(70px,20svh)))]\" dir=\"auto\" data-turn-id=\"request-WEB:0ad26334-2e10-46df-8a45-356a83b0976c-0\" data-testid=\"conversation-turn-2\" data-scroll-anchor=\"true\" data-turn=\"assistant\">\n<div class=\"text-base my-auto mx-auto pb-10 [--thread-content-margin:--spacing(4)] @w-sm\/main:[--thread-content-margin:--spacing(6)] @w-lg\/main:[--thread-content-margin:--spacing(16)] px-(--thread-content-margin)\">\n<div class=\"[--thread-content-max-width:40rem] @w-lg\/main:[--thread-content-max-width:48rem] mx-auto max-w-(--thread-content-max-width) flex-1 group\/turn-messages focus-visible:outline-hidden relative flex w-full min-w-0 flex-col agent-turn\" tabindex=\"-1\">\n<div class=\"flex max-w-full flex-col grow\">\n<div class=\"min-h-8 text-message relative flex w-full flex-col items-end gap-2 text-start break-words whitespace-normal [.text-message+&amp;]:mt-1\" dir=\"auto\" data-message-author-role=\"assistant\" data-message-id=\"086d1a79-8440-4d53-8ff6-4cff7b2f4998\" data-message-model-slug=\"gpt-5-2\">\n<div class=\"flex w-full flex-col gap-1 empty:hidden first:pt-[1px]\">\n<div class=\"markdown prose dark:prose-invert w-full wrap-break-word light markdown-new-styling\">\n<p data-start=\"653\" data-end=\"764\">Al llarg del projecte hem fet diferents experiments que ens han ajudat a entendre millor el m\u00f3n de les plantes: h<span style=\"font-family: inherit; font-size: 1em;\">em descobert <\/span>com respiren, h<span style=\"font-family: inherit; font-size: 1em;\">em identificat <\/span>les parts d\u2019una planta, h<span style=\"font-family: inherit; font-size: 1em;\">em apr\u00e8s <\/span>qu\u00e8 necessiten per cr\u00e9ixer i h<span style=\"font-family: inherit; font-size: 1em;\">em observat com canvien i creixen amb el pas dels dies.<\/span><\/p>\n<p data-start=\"1023\" data-end=\"1365\">D&#8217;altra banda, vam tenir l\u2019oportunitat d\u2019anar a visitar l\u2019hort d\u2019un ve\u00ed, que ens va explicar els passos que cal seguir per cuidar-lo correctament: preparar la terra, plantar, regar, tenir paci\u00e8ncia i observar. Aquesta visita ens va ajudar a entendre millor el proc\u00e9s real de cultivar un hort i a valorar la import\u00e0ncia de la const\u00e0ncia i la dedicaci\u00f3.\u00a0Cuidar el nostre hort ens ha perm\u00e8s aprendre de manera vivencial, tocant la terra, plantant llavors i regant amb responsabilitat.<\/p>\n<p data-start=\"1454\" data-end=\"1547\">L\u2019hort \u00e9s molt m\u00e9s que un espai per plantar: \u00e9s un lloc on aprenem, cooperem i creixem junts. Seguirem cuidant-lo amb molta estima i us anirem compartint els nostres progressos!<\/p>\n<p data-start=\"1454\" data-end=\"1547\">Podeu veure les fotografies a la carpeta compartida al Drive.<\/p>\n<p data-start=\"1454\" data-end=\"1547\"><a href=\"https:\/\/agora.xtec.cat\/escolalavilapalamos\/wp-content\/uploads\/usu897\/2026\/02\/hort-escola.jpg\"><img loading=\"lazy\" decoding=\"async\" class=\"alignnone size-medium wp-image-16494\" src=\"https:\/\/agora.xtec.cat\/escolalavilapalamos\/wp-content\/uploads\/usu897\/2026\/02\/hort-escola-300x200.jpg\" alt=\"\" width=\"300\" height=\"200\" srcset=\"https:\/\/agora.xtec.cat\/escolalavilapalamos\/wp-content\/uploads\/usu897\/2026\/02\/hort-escola-300x200.jpg 300w, https:\/\/agora.xtec.cat\/escolalavilapalamos\/wp-content\/uploads\/usu897\/2026\/02\/hort-escola.jpg 388w\" sizes=\"auto, (max-width: 300px) 100vw, 300px\" \/><\/a><\/p>\n<\/div>\n<\/div>\n<\/div>\n<\/div>\n<\/div>\n<\/div>\n<\/article>\n<\/div>\n<\/div>\n","protected":false},"excerpt":{"rendered":"<p>A 2n estem fent el treball globalitzat del nostre hort escolar. Est\u00e0 esdevenint una experi\u00e8ncia plena de descobertes, aprenentatges i molta il\u00b7lusi\u00f3!<br \/>\nPer comen\u00e7ar, vam observar el pati i vam parlar sobre quins \u00e9ssers vius hi trobem. A partir d\u2019aqu\u00ed, vam aprendre a diferenciar entre \u00e9ssers&hellip;  <a href=\"https:\/\/agora.xtec.cat\/escolalavilapalamos\/general\/els-de-2n-cuidem-lhort-de-lescola\/\" title=\"Read ELS DE 2n CUIDEM L&#8217;HORT DE L&#8217;ESCOLA!\">Llegeix m\u00e9s\u00bb<\/a><\/p>\n","protected":false},"author":131,"featured_media":0,"comment_status":"open","ping_status":"open","sticky":false,"template":"","format":"standard","meta":{"_bbp_topic_count":0,"_bbp_reply_count":0,"_bbp_total_topic_count":0,"_bbp_total_reply_count":0,"_bbp_voice_count":0,"_bbp_anonymous_reply_count":0,"_bbp_topic_count_hidden":0,"_bbp_reply_count_hidden":0,"_bbp_forum_subforum_count":0,"footnotes":""},"categories":[127,1,4],"tags":[],"class_list":["post-16493","post","type-post","status-publish","format-standard","hentry","category-comunitat-de-mitjans","category-general","category-portada"],"post_mailing_queue_ids":[],"_links":{"self":[{"href":"https:\/\/agora.xtec.cat\/escolalavilapalamos\/wp-json\/wp\/v2\/posts\/16493","targetHints":{"allow":["GET"]}}],"collection":[{"href":"https:\/\/agora.xtec.cat\/escolalavilapalamos\/wp-json\/wp\/v2\/posts"}],"about":[{"href":"https:\/\/agora.xtec.cat\/escolalavilapalamos\/wp-json\/wp\/v2\/types\/post"}],"author":[{"embeddable":true,"href":"https:\/\/agora.xtec.cat\/escolalavilapalamos\/wp-json\/wp\/v2\/users\/131"}],"replies":[{"embeddable":true,"href":"https:\/\/agora.xtec.cat\/escolalavilapalamos\/wp-json\/wp\/v2\/comments?post=16493"}],"version-history":[{"count":3,"href":"https:\/\/agora.xtec.cat\/escolalavilapalamos\/wp-json\/wp\/v2\/posts\/16493\/revisions"}],"predecessor-version":[{"id":16499,"href":"https:\/\/agora.xtec.cat\/escolalavilapalamos\/wp-json\/wp\/v2\/posts\/16493\/revisions\/16499"}],"wp:attachment":[{"href":"https:\/\/agora.xtec.cat\/escolalavilapalamos\/wp-json\/wp\/v2\/media?parent=16493"}],"wp:term":[{"taxonomy":"category","embeddable":true,"href":"https:\/\/agora.xtec.cat\/escolalavilapalamos\/wp-json\/wp\/v2\/categories?post=16493"},{"taxonomy":"post_tag","embeddable":true,"href":"https:\/\/agora.xtec.cat\/escolalavilapalamos\/wp-json\/wp\/v2\/tags?post=16493"}],"curies":[{"name":"wp","href":"https:\/\/api.w.org\/{rel}","templated":true}]}}