{"id":16460,"date":"2026-02-17T15:11:04","date_gmt":"2026-02-17T14:11:04","guid":{"rendered":"https:\/\/agora.xtec.cat\/escolalavilapalamos\/?p=16460"},"modified":"2026-02-17T15:11:04","modified_gmt":"2026-02-17T14:11:04","slug":"capsules-formatives-per-a-families","status":"publish","type":"post","link":"https:\/\/agora.xtec.cat\/escolalavilapalamos\/general\/capsules-formatives-per-a-families\/","title":{"rendered":"C\u00e0psules formatives per a fam\u00edlies"},"content":{"rendered":"<p>&nbsp;<\/p>\n<p>Des del Programa per a fam\u00edlies \u2013 Dipsalut, ens ofereixen les <strong>c\u00e0psules en l\u00ednia, <\/strong>s\u00f3n formacions\u00a0de\u00a0<strong>dues hores de durada<\/strong>\u00a0de la m\u00e0 de professionals que donen recursos i eines per acompanyar les fam\u00edlies en temes relacionats amb la\u00a0<strong>salut i la crian\u00e7a.\u00a0<\/strong>. Avui s&#8217;obren les inscripcions a les c\u00e0psules del mes de mar\u00e7.<\/p>\n<p style=\"font-weight: 400;\">Ja podeu consultar els horaris clicant la imatge.<a href=\"https:\/\/families.dipsalut.cat\/ca\/capsules-en-linia.html\"><img loading=\"lazy\" decoding=\"async\" class=\"aligncenter  wp-image-16463\" src=\"https:\/\/agora.xtec.cat\/escolalavilapalamos\/wp-content\/uploads\/usu897\/2026\/02\/Disseny-sense-titol-212x300.jpg\" alt=\"\" width=\"148\" height=\"209\" srcset=\"https:\/\/agora.xtec.cat\/escolalavilapalamos\/wp-content\/uploads\/usu897\/2026\/02\/Disseny-sense-titol-212x300.jpg 212w, https:\/\/agora.xtec.cat\/escolalavilapalamos\/wp-content\/uploads\/usu897\/2026\/02\/Disseny-sense-titol-724x1024.jpg 724w, https:\/\/agora.xtec.cat\/escolalavilapalamos\/wp-content\/uploads\/usu897\/2026\/02\/Disseny-sense-titol-768x1086.jpg 768w, https:\/\/agora.xtec.cat\/escolalavilapalamos\/wp-content\/uploads\/usu897\/2026\/02\/Disseny-sense-titol-1086x1536.jpg 1086w, https:\/\/agora.xtec.cat\/escolalavilapalamos\/wp-content\/uploads\/usu897\/2026\/02\/Disseny-sense-titol.jpg 1414w\" sizes=\"auto, (max-width: 148px) 100vw, 148px\" \/><\/a><\/p>\n<p style=\"font-weight: 400;\">\n<ul>\n<li style=\"font-weight: 400;\"><strong>\u00a0<\/strong><strong><em>Reptes quotidians a l\u2019adolesc\u00e8ncia<\/em><\/strong><em> (a c\u00e0rrec de <\/em><em>Clara Ramos i Geli, terapeuta Gestalt i T\u00e0nia Casanova i Casas, psicopedagoga, educadora social i terapeuta Gestalt, ambdues s\u00f2cies de la Cooperativa Ranura)_<strong>C\u00e0psula gratu\u00efta recomanada per a persones que conviuen amb adolescents i\/o tenen adolescents a c\u00e0rrec. <\/strong><\/em><a style=\"font-family: inherit; font-size: 1em;\" href=\"https:\/\/families.dipsalut.cat\/ca\/inscripcions-on-line.html?cid=23772\" data-saferedirecturl=\"https:\/\/www.google.com\/url?q=https:\/\/families.dipsalut.cat\/ca\/inscripcions-on-line.html?cid%3D23772&amp;source=gmail&amp;ust=1771400529983000&amp;usg=AOvVaw3bT1JVNIqhpLtvlGj-EC4g\"><strong>Enlla\u00e7 formulari d\u2019inscripcions<\/strong><\/a><\/li>\n<\/ul>\n<ul>\n<li style=\"font-weight: 400;\"><strong><em>Juguem? El joc en fam\u00edlia <\/em><\/strong><em>(a c\u00e0rrec de Noem\u00ed Blanch, psic\u00f2loga especialitzada en igualtat i en el poder del joc)_<strong>C\u00e0psula gratu\u00efta per a referents adults amb infants i joves a c\u00e0rrec. <\/strong><\/em><a style=\"font-family: inherit; font-size: 1em;\" href=\"https:\/\/families.dipsalut.cat\/ca\/inscripcions-on-line.html?cid=23771\" data-saferedirecturl=\"https:\/\/www.google.com\/url?q=https:\/\/families.dipsalut.cat\/ca\/inscripcions-on-line.html?cid%3D23771&amp;source=gmail&amp;ust=1771400529983000&amp;usg=AOvVaw34Kb-95Bb3cIx0fJIuMcxp\"><strong>Enlla\u00e7 formulari d\u2019inscripcions<\/strong><\/a><\/li>\n<\/ul>\n<p>Des de l&#8217;escola, us animem a participar-hi!<\/p>\n","protected":false},"excerpt":{"rendered":"<p>&nbsp;<br \/>\nDes del Programa per a fam\u00edlies \u2013 Dipsalut, ens ofereixen les c\u00e0psules en l\u00ednia, s\u00f3n formacions\u00a0de\u00a0dues hores de durada\u00a0de la m\u00e0 de professionals que donen recursos i eines per acompanyar les fam\u00edlies en temes relacionats amb la\u00a0salut i la crian\u00e7a.\u00a0. Avui s&#8217;obren les inscripcions a&hellip;  <a href=\"https:\/\/agora.xtec.cat\/escolalavilapalamos\/general\/capsules-formatives-per-a-families\/\" title=\"Read C\u00e0psules formatives per a fam\u00edlies\">Llegeix m\u00e9s\u00bb<\/a><\/p>\n","protected":false},"author":1,"featured_media":0,"comment_status":"open","ping_status":"open","sticky":false,"template":"","format":"standard","meta":{"_bbp_topic_count":0,"_bbp_reply_count":0,"_bbp_total_topic_count":0,"_bbp_total_reply_count":0,"_bbp_voice_count":0,"_bbp_anonymous_reply_count":0,"_bbp_topic_count_hidden":0,"_bbp_reply_count_hidden":0,"_bbp_forum_subforum_count":0,"footnotes":""},"categories":[1,4],"tags":[],"class_list":["post-16460","post","type-post","status-publish","format-standard","hentry","category-general","category-portada"],"post_mailing_queue_ids":[],"_links":{"self":[{"href":"https:\/\/agora.xtec.cat\/escolalavilapalamos\/wp-json\/wp\/v2\/posts\/16460","targetHints":{"allow":["GET"]}}],"collection":[{"href":"https:\/\/agora.xtec.cat\/escolalavilapalamos\/wp-json\/wp\/v2\/posts"}],"about":[{"href":"https:\/\/agora.xtec.cat\/escolalavilapalamos\/wp-json\/wp\/v2\/types\/post"}],"author":[{"embeddable":true,"href":"https:\/\/agora.xtec.cat\/escolalavilapalamos\/wp-json\/wp\/v2\/users\/1"}],"replies":[{"embeddable":true,"href":"https:\/\/agora.xtec.cat\/escolalavilapalamos\/wp-json\/wp\/v2\/comments?post=16460"}],"version-history":[{"count":6,"href":"https:\/\/agora.xtec.cat\/escolalavilapalamos\/wp-json\/wp\/v2\/posts\/16460\/revisions"}],"predecessor-version":[{"id":16477,"href":"https:\/\/agora.xtec.cat\/escolalavilapalamos\/wp-json\/wp\/v2\/posts\/16460\/revisions\/16477"}],"wp:attachment":[{"href":"https:\/\/agora.xtec.cat\/escolalavilapalamos\/wp-json\/wp\/v2\/media?parent=16460"}],"wp:term":[{"taxonomy":"category","embeddable":true,"href":"https:\/\/agora.xtec.cat\/escolalavilapalamos\/wp-json\/wp\/v2\/categories?post=16460"},{"taxonomy":"post_tag","embeddable":true,"href":"https:\/\/agora.xtec.cat\/escolalavilapalamos\/wp-json\/wp\/v2\/tags?post=16460"}],"curies":[{"name":"wp","href":"https:\/\/api.w.org\/{rel}","templated":true}]}}