{"id":16453,"date":"2026-02-11T16:23:00","date_gmt":"2026-02-11T15:23:00","guid":{"rendered":"https:\/\/agora.xtec.cat\/escolalavilapalamos\/?p=16453"},"modified":"2026-02-11T16:46:51","modified_gmt":"2026-02-11T15:46:51","slug":"alerta-vencat_12-febrer-2026","status":"publish","type":"post","link":"https:\/\/agora.xtec.cat\/escolalavilapalamos\/general\/alerta-vencat_12-febrer-2026\/","title":{"rendered":"ALERTA VENCAT_12 FEBRER 2026"},"content":{"rendered":"<div class=\"ZonaEntradaNoticia clearfixAfter\">\n<div class=\"DataNoticia\"><\/div>\n<div>\n<div id=\"CategoriaNoticia\" class=\"CategoriaNoticia\"><\/div>\n<\/div>\n<\/div>\n<div id=\"ActualitatCosNoticia\">\n<div class=\"article-content\">\n<div id=\"ctl00_PlaceHolderMain_ctl09__ControlWrapper_RichHtmlField\" class=\"ms-rtestate-field\" aria-labelledby=\"ctl00_PlaceHolderMain_ctl09_label\">\n<p>\u200b\u200b\u200b<a href=\"https:\/\/agora.xtec.cat\/escolalavilapalamos\/wp-content\/uploads\/usu897\/2026\/02\/VENCAT.jpg\"><img loading=\"lazy\" decoding=\"async\" class=\"size-medium wp-image-16458 alignleft\" src=\"https:\/\/agora.xtec.cat\/escolalavilapalamos\/wp-content\/uploads\/usu897\/2026\/02\/VENCAT-300x294.jpg\" alt=\"\" width=\"300\" height=\"294\" srcset=\"https:\/\/agora.xtec.cat\/escolalavilapalamos\/wp-content\/uploads\/usu897\/2026\/02\/VENCAT-300x294.jpg 300w, https:\/\/agora.xtec.cat\/escolalavilapalamos\/wp-content\/uploads\/usu897\/2026\/02\/VENCAT.jpg 504w\" sizes=\"auto, (max-width: 300px) 100vw, 300px\" \/><\/a>Davant la previsi\u00f3 de fortes ventades a tot Catalunya i l&#8217;activaci\u00f3, per part de\u00a0Protecci\u00f3 Civil de la Generalitat,\u00a0del Pla especial d&#8217;emerg\u00e8ncies per risc de vent (<a title=\"Pla VENTCAT\" href=\"https:\/\/interior.gencat.cat\/ca\/arees_dactuacio\/proteccio_civil\/plans-proteccio-civil\/plans-especials\/ventcat\/index.html\" target=\"_blank\" rel=\"noopener\">VENTCAT<\/a>),\u00a0<strong>d<\/strong><strong>em\u00e0 dijous 12 de febrer se suspenen les activitats educatives, sanit\u00e0ries no urgents, sociosanit\u00e0ries i esportives<\/strong>. Tamb\u00e9 es tanquen tots els espais naturals no urbans i es prohibeixen les activitats previstes. Protecci\u00f3 Civil demana evitar despla\u00e7aments innecessaris i aplicar el teletreball sempre que sigui possible.<\/p>\n<h4>Recomanem molta precauci\u00f3 i seguir les indicacions\u00a0<a title=\"Ves a la p\u00e0gina\" href=\"https:\/\/x.com\/emergenciescat\" target=\"_blank\" rel=\"noopener\">Protecci\u00f3 civil (@emergenciescat)<\/a><\/h4>\n<\/div>\n<\/div>\n<\/div>\n","protected":false},"excerpt":{"rendered":"<p>\u200b\u200b\u200b<a href=\"https:\/\/agora.xtec.cat\/escolalavilapalamos\/wp-content\/uploads\/usu897\/2026\/02\/VENCAT.jpg\"><\/a>Davant la previsi\u00f3 de fortes ventades a tot Catalunya i l&#8217;activaci\u00f3, per part de\u00a0Protecci\u00f3 Civil de la Generalitat,\u00a0del Pla especial d&#8217;emerg\u00e8ncies per risc de vent (<a title=\"Pla VENTCAT\" href=\"https:\/\/interior.gencat.cat\/ca\/arees_dactuacio\/proteccio_civil\/plans-proteccio-civil\/plans-especials\/ventcat\/index.html\" target=\"_blank\" rel=\"noopener\">VENTCAT<\/a>),\u00a0dem\u00e0 dijous 12 de febrer se suspenen les activitats educatives, sanit\u00e0ries no urgents, sociosanit\u00e0ries&hellip;  <a href=\"https:\/\/agora.xtec.cat\/escolalavilapalamos\/general\/alerta-vencat_12-febrer-2026\/\" title=\"Read ALERTA VENCAT_12 FEBRER 2026\">Llegeix m\u00e9s\u00bb<\/a><\/p>\n","protected":false},"author":1,"featured_media":0,"comment_status":"open","ping_status":"open","sticky":false,"template":"","format":"standard","meta":{"_bbp_topic_count":0,"_bbp_reply_count":0,"_bbp_total_topic_count":0,"_bbp_total_reply_count":0,"_bbp_voice_count":0,"_bbp_anonymous_reply_count":0,"_bbp_topic_count_hidden":0,"_bbp_reply_count_hidden":0,"_bbp_forum_subforum_count":0,"footnotes":""},"categories":[1,4],"tags":[],"class_list":["post-16453","post","type-post","status-publish","format-standard","hentry","category-general","category-portada"],"post_mailing_queue_ids":[],"_links":{"self":[{"href":"https:\/\/agora.xtec.cat\/escolalavilapalamos\/wp-json\/wp\/v2\/posts\/16453","targetHints":{"allow":["GET"]}}],"collection":[{"href":"https:\/\/agora.xtec.cat\/escolalavilapalamos\/wp-json\/wp\/v2\/posts"}],"about":[{"href":"https:\/\/agora.xtec.cat\/escolalavilapalamos\/wp-json\/wp\/v2\/types\/post"}],"author":[{"embeddable":true,"href":"https:\/\/agora.xtec.cat\/escolalavilapalamos\/wp-json\/wp\/v2\/users\/1"}],"replies":[{"embeddable":true,"href":"https:\/\/agora.xtec.cat\/escolalavilapalamos\/wp-json\/wp\/v2\/comments?post=16453"}],"version-history":[{"count":5,"href":"https:\/\/agora.xtec.cat\/escolalavilapalamos\/wp-json\/wp\/v2\/posts\/16453\/revisions"}],"predecessor-version":[{"id":16459,"href":"https:\/\/agora.xtec.cat\/escolalavilapalamos\/wp-json\/wp\/v2\/posts\/16453\/revisions\/16459"}],"wp:attachment":[{"href":"https:\/\/agora.xtec.cat\/escolalavilapalamos\/wp-json\/wp\/v2\/media?parent=16453"}],"wp:term":[{"taxonomy":"category","embeddable":true,"href":"https:\/\/agora.xtec.cat\/escolalavilapalamos\/wp-json\/wp\/v2\/categories?post=16453"},{"taxonomy":"post_tag","embeddable":true,"href":"https:\/\/agora.xtec.cat\/escolalavilapalamos\/wp-json\/wp\/v2\/tags?post=16453"}],"curies":[{"name":"wp","href":"https:\/\/api.w.org\/{rel}","templated":true}]}}