{"id":16435,"date":"2026-02-10T15:08:51","date_gmt":"2026-02-10T14:08:51","guid":{"rendered":"https:\/\/agora.xtec.cat\/escolalavilapalamos\/?p=16435"},"modified":"2026-02-10T15:08:51","modified_gmt":"2026-02-10T14:08:51","slug":"vaga-educacio-11-febrer","status":"publish","type":"post","link":"https:\/\/agora.xtec.cat\/escolalavilapalamos\/general\/vaga-educacio-11-febrer\/","title":{"rendered":"VAGA EDUCACI\u00d3 11 FEBRER"},"content":{"rendered":"<p><a href=\"https:\/\/agora.xtec.cat\/escolalavilapalamos\/wp-content\/uploads\/usu897\/2026\/02\/WhatsApp-Image-2026-02-06-at-22.35.09.jpeg\"><img loading=\"lazy\" decoding=\"async\" class=\"wp-image-16436 alignright\" src=\"https:\/\/agora.xtec.cat\/escolalavilapalamos\/wp-content\/uploads\/usu897\/2026\/02\/WhatsApp-Image-2026-02-06-at-22.35.09-724x1024.jpeg\" alt=\"\" width=\"435\" height=\"615\" srcset=\"https:\/\/agora.xtec.cat\/escolalavilapalamos\/wp-content\/uploads\/usu897\/2026\/02\/WhatsApp-Image-2026-02-06-at-22.35.09-724x1024.jpeg 724w, https:\/\/agora.xtec.cat\/escolalavilapalamos\/wp-content\/uploads\/usu897\/2026\/02\/WhatsApp-Image-2026-02-06-at-22.35.09-212x300.jpeg 212w, https:\/\/agora.xtec.cat\/escolalavilapalamos\/wp-content\/uploads\/usu897\/2026\/02\/WhatsApp-Image-2026-02-06-at-22.35.09-768x1086.jpeg 768w, https:\/\/agora.xtec.cat\/escolalavilapalamos\/wp-content\/uploads\/usu897\/2026\/02\/WhatsApp-Image-2026-02-06-at-22.35.09-1086x1536.jpeg 1086w, https:\/\/agora.xtec.cat\/escolalavilapalamos\/wp-content\/uploads\/usu897\/2026\/02\/WhatsApp-Image-2026-02-06-at-22.35.09.jpeg 1131w\" sizes=\"auto, (max-width: 435px) 100vw, 435px\" \/><\/a><\/p>\n<p>Benvolgudes fam\u00edlies,<\/p>\n<p>Us comuniquem que <strong>el proper dimecres 11 de febrer hi ha convocada vaga d&#8217;educaci\u00f3. <\/strong>Els principals sindicats de l&#8217;educaci\u00f3 -USTEC-STEs (IAC), ASPEPC-sps, CCOO, CGT i UGT- han convocat a la vaga tot el personal docent, aix\u00ed com professionals d&#8217;atenci\u00f3 educativa, d&#8217;educaci\u00f3 especial, d&#8217;integraci\u00f3 social, d&#8217;educaci\u00f3 infantil, fisioterapeutes i logopedes.<\/p>\n<p>A l\u2019escola <strong>el seguiment de la vaga \u00e9s majoritari<\/strong> el que impedir\u00e0 dur a terme l\u2019activitat lectiva amb normalitat. Els serveis m\u00ednims dictats pel departament estan garantits.<\/p>\n<p>L\u2019empresa que gestiona el servei de menjador informa: que, amb motiu de la\u00a0<strong>vaga convocada per al dimecres 11 de febrer de 2026<\/strong>, s\u2019han establert els\u00a0<strong>serveis m\u00ednims<\/strong>\u00a0pel que fa a l\u2019<strong>espai del migdia<\/strong>\u00a0i al\u00a0<strong>servei de menjador escolar<\/strong>.<\/p>\n<div class=\"text_text__RmsUL cosNoticia_textNoti__sa_BC\" data-testid=\"cos-noticia-text\">\n<p><em>El Departament d&#8217;Empresa i Treball ha publicat aquest dimarts\u00a0<strong>l&#8217;ordre de serveis m\u00ednims per a la vaga de dimecres<\/strong>:<\/em><\/p>\n<\/div>\n<div class=\"text_text__RmsUL cosNoticia_textNoti__sa_BC\" data-testid=\"cos-noticia-text\">\n<ul>\n<li><em>Als centres d&#8217;educaci\u00f3 infantil, prim\u00e0ria i secund\u00e0ria (entre 3 i 16 anys), caldr\u00e0 que hi hagi\u00a0<strong>un docent per cada tres aules<\/strong><\/em><\/li>\n<\/ul>\n<p><em><span style=\"font-family: inherit; font-size: 1em;\">L&#8217;ordre de serveis m\u00ednims tamb\u00e9 preveu que cada centre disposi d&#8217;una persona de l&#8217;equip directiu.<\/span><\/em><\/p>\n<\/div>\n<div class=\"text_text__RmsUL cosNoticia_textNoti__sa_BC\" data-testid=\"cos-noticia-text\">\n<p><em>Pel que fa al personal dels serveis de monitoratge de menjador, del servei de cuina, del servei d&#8217;acollida, del servei d&#8217;extraescolars i del servei d&#8217;atenci\u00f3 a l&#8217;alumnat amb necessitats educatives especials, s&#8217;estableixen\u00a0<strong>uns serveis m\u00ednims del 50%<\/strong>.<\/em><\/p>\n<p><strong><span style=\"font-family: inherit; font-size: 1em;\">Podeu llegir la carta informativa <\/span><a style=\"font-family: inherit; font-size: 1em;\" href=\"https:\/\/drive.google.com\/file\/d\/1NFme1uL9VFsYW0Uv_2UZz_7bjr01g36I\/view?usp=sharing\">aqu\u00ed<\/a><span style=\"font-family: inherit; font-size: 1em;\">.<\/span><\/strong><\/p>\n<\/div>\n<p>Equip directiu de l\u2019Escola La Vila<\/p>\n","protected":false},"excerpt":{"rendered":"<p><a href=\"https:\/\/agora.xtec.cat\/escolalavilapalamos\/wp-content\/uploads\/usu897\/2026\/02\/WhatsApp-Image-2026-02-06-at-22.35.09.jpeg\"><\/a><br \/>\nBenvolgudes fam\u00edlies,<br \/>\nUs comuniquem que el proper dimecres 11 de febrer hi ha convocada vaga d&#8217;educaci\u00f3. Els principals sindicats de l&#8217;educaci\u00f3 -USTEC-STEs (IAC), ASPEPC-sps, CCOO, CGT i UGT- han convocat a la vaga tot el personal docent, aix\u00ed com professionals d&#8217;atenci\u00f3 educativa, d&#8217;educaci\u00f3 especial, d&#8217;integraci\u00f3&hellip;  <a href=\"https:\/\/agora.xtec.cat\/escolalavilapalamos\/general\/vaga-educacio-11-febrer\/\" title=\"Read VAGA EDUCACI\u00d3 11 FEBRER\">Llegeix m\u00e9s\u00bb<\/a><\/p>\n","protected":false},"author":1,"featured_media":0,"comment_status":"open","ping_status":"open","sticky":false,"template":"","format":"standard","meta":{"_bbp_topic_count":0,"_bbp_reply_count":0,"_bbp_total_topic_count":0,"_bbp_total_reply_count":0,"_bbp_voice_count":0,"_bbp_anonymous_reply_count":0,"_bbp_topic_count_hidden":0,"_bbp_reply_count_hidden":0,"_bbp_forum_subforum_count":0,"footnotes":""},"categories":[1,4],"tags":[],"class_list":["post-16435","post","type-post","status-publish","format-standard","hentry","category-general","category-portada"],"post_mailing_queue_ids":[],"_links":{"self":[{"href":"https:\/\/agora.xtec.cat\/escolalavilapalamos\/wp-json\/wp\/v2\/posts\/16435","targetHints":{"allow":["GET"]}}],"collection":[{"href":"https:\/\/agora.xtec.cat\/escolalavilapalamos\/wp-json\/wp\/v2\/posts"}],"about":[{"href":"https:\/\/agora.xtec.cat\/escolalavilapalamos\/wp-json\/wp\/v2\/types\/post"}],"author":[{"embeddable":true,"href":"https:\/\/agora.xtec.cat\/escolalavilapalamos\/wp-json\/wp\/v2\/users\/1"}],"replies":[{"embeddable":true,"href":"https:\/\/agora.xtec.cat\/escolalavilapalamos\/wp-json\/wp\/v2\/comments?post=16435"}],"version-history":[{"count":6,"href":"https:\/\/agora.xtec.cat\/escolalavilapalamos\/wp-json\/wp\/v2\/posts\/16435\/revisions"}],"predecessor-version":[{"id":16452,"href":"https:\/\/agora.xtec.cat\/escolalavilapalamos\/wp-json\/wp\/v2\/posts\/16435\/revisions\/16452"}],"wp:attachment":[{"href":"https:\/\/agora.xtec.cat\/escolalavilapalamos\/wp-json\/wp\/v2\/media?parent=16435"}],"wp:term":[{"taxonomy":"category","embeddable":true,"href":"https:\/\/agora.xtec.cat\/escolalavilapalamos\/wp-json\/wp\/v2\/categories?post=16435"},{"taxonomy":"post_tag","embeddable":true,"href":"https:\/\/agora.xtec.cat\/escolalavilapalamos\/wp-json\/wp\/v2\/tags?post=16435"}],"curies":[{"name":"wp","href":"https:\/\/api.w.org\/{rel}","templated":true}]}}