{"id":16410,"date":"2026-02-06T15:52:02","date_gmt":"2026-02-06T14:52:02","guid":{"rendered":"https:\/\/agora.xtec.cat\/escolalavilapalamos\/?p=16410"},"modified":"2026-02-06T15:52:02","modified_gmt":"2026-02-06T14:52:02","slug":"carnaval-2026-a-la-vila","status":"publish","type":"post","link":"https:\/\/agora.xtec.cat\/escolalavilapalamos\/general\/carnaval-2026-a-la-vila\/","title":{"rendered":"CARNAVAL 2026 A LA VILA"},"content":{"rendered":"<h3 style=\"text-align: center;\">JA HA ARRIBAT LA REINA CARNESTOLTES A L&#8217;ESCOLA!<a href=\"https:\/\/agora.xtec.cat\/escolalavilapalamos\/wp-content\/uploads\/usu897\/2026\/02\/Consignes-Carnaval-grup-Teo-Lena-i-Marina-TLM-_page-0001-1.jpg\"><br \/>\n<img loading=\"lazy\" decoding=\"async\" class=\"wp-image-16414 aligncenter\" src=\"https:\/\/agora.xtec.cat\/escolalavilapalamos\/wp-content\/uploads\/usu897\/2026\/02\/Consignes-Carnaval-grup-Teo-Lena-i-Marina-TLM-_page-0001-1-724x1024.jpg\" alt=\"\" width=\"390\" height=\"551\" srcset=\"https:\/\/agora.xtec.cat\/escolalavilapalamos\/wp-content\/uploads\/usu897\/2026\/02\/Consignes-Carnaval-grup-Teo-Lena-i-Marina-TLM-_page-0001-1-724x1024.jpg 724w, https:\/\/agora.xtec.cat\/escolalavilapalamos\/wp-content\/uploads\/usu897\/2026\/02\/Consignes-Carnaval-grup-Teo-Lena-i-Marina-TLM-_page-0001-1-212x300.jpg 212w, https:\/\/agora.xtec.cat\/escolalavilapalamos\/wp-content\/uploads\/usu897\/2026\/02\/Consignes-Carnaval-grup-Teo-Lena-i-Marina-TLM-_page-0001-1-768x1086.jpg 768w, https:\/\/agora.xtec.cat\/escolalavilapalamos\/wp-content\/uploads\/usu897\/2026\/02\/Consignes-Carnaval-grup-Teo-Lena-i-Marina-TLM-_page-0001-1-1086x1536.jpg 1086w, https:\/\/agora.xtec.cat\/escolalavilapalamos\/wp-content\/uploads\/usu897\/2026\/02\/Consignes-Carnaval-grup-Teo-Lena-i-Marina-TLM-_page-0001-1.jpg 1241w\" sizes=\"auto, (max-width: 390px) 100vw, 390px\" \/><\/a><\/h3>\n<p>Enguany, la mainada de 6\u00e8 ens han preparat unes consignes ben divertides per celebrar el Carnaval a l&#8217;escola!<\/p>\n<p>Les consignes s\u00f3n:<\/p>\n<ul>\n<li><strong>Dilluns 9 de febrer<\/strong>: Amb pijama hem de venir com si an\u00e9ssim a dormir.<\/li>\n<li><strong>Dimarts 10 de febrer<\/strong>: En &#8220;rapers&#8221; ens convertirem, amb gorres, caputxes i collarets vindrem.<\/li>\n<li><strong>Dijous 12 de febrer<\/strong>: Al mat\u00ed, farem un canvi d&#8217;edat, podrem venir d&#8217;adult de vell o de nounat. I a la tarda&#8230; TOTHOM QUE VULGUI DISFRESSAT!<\/li>\n<\/ul>\n<p>Totes les comunitats, el dijous al mat\u00ed, farem una sortida pels voltants de l\u2019escola. A la tarda celebrarem el dijous gras amb una festa de carnaval al pati, amb coca i la visita d\u2019una carrossa per animar-nos la tarda. I a partir de les 16h, no marxeu! Tindrem tallers i activitats a c\u00e0rrec de l&#8217;AMPA i la Comissi\u00f3 de 5\u00e8.<\/p>\n<p><em><strong>BON CARNAVAL A TOTHOM!<\/strong><\/em><\/p>\n<p>(us demanem que eviteu m\u00e0scares que cobreixin la cara o disfresses amb connotacions violentes)<\/p>\n","protected":false},"excerpt":{"rendered":"<p>JA HA ARRIBAT LA REINA CARNESTOLTES A L&#8217;ESCOLA!<a href=\"https:\/\/agora.xtec.cat\/escolalavilapalamos\/wp-content\/uploads\/usu897\/2026\/02\/Consignes-Carnaval-grup-Teo-Lena-i-Marina-TLM-_page-0001-1.jpg\"><br \/>\n<\/a><br \/>\nEnguany, la mainada de 6\u00e8 ens han preparat unes consignes ben divertides per celebrar el Carnaval a l&#8217;escola!<br \/>\nLes consignes s\u00f3n:<\/p>\n<ul>\n<li>Dilluns 9 de febrer: Amb pijama hem de venir com si an\u00e9ssim a dormir.<\/li>\n<li>Dimarts 10 de febrer: En&hellip;  <a href=\"https:\/\/agora.xtec.cat\/escolalavilapalamos\/general\/carnaval-2026-a-la-vila\/\" title=\"Read CARNAVAL 2026 A LA VILA\">Llegeix m\u00e9s\u00bb<\/a><br \/>\n","protected":false},"author":1,"featured_media":0,"comment_status":"open","ping_status":"open","sticky":false,"template":"","format":"standard","meta":{"_bbp_topic_count":0,"_bbp_reply_count":0,"_bbp_total_topic_count":0,"_bbp_total_reply_count":0,"_bbp_voice_count":0,"_bbp_anonymous_reply_count":0,"_bbp_topic_count_hidden":0,"_bbp_reply_count_hidden":0,"_bbp_forum_subforum_count":0,"footnotes":""},"categories":[1,4],"tags":[],"class_list":["post-16410","post","type-post","status-publish","format-standard","hentry","category-general","category-portada"],"post_mailing_queue_ids":[],"_links":{"self":[{"href":"https:\/\/agora.xtec.cat\/escolalavilapalamos\/wp-json\/wp\/v2\/posts\/16410","targetHints":{"allow":["GET"]}}],"collection":[{"href":"https:\/\/agora.xtec.cat\/escolalavilapalamos\/wp-json\/wp\/v2\/posts"}],"about":[{"href":"https:\/\/agora.xtec.cat\/escolalavilapalamos\/wp-json\/wp\/v2\/types\/post"}],"author":[{"embeddable":true,"href":"https:\/\/agora.xtec.cat\/escolalavilapalamos\/wp-json\/wp\/v2\/users\/1"}],"replies":[{"embeddable":true,"href":"https:\/\/agora.xtec.cat\/escolalavilapalamos\/wp-json\/wp\/v2\/comments?post=16410"}],"version-history":[{"count":6,"href":"https:\/\/agora.xtec.cat\/escolalavilapalamos\/wp-json\/wp\/v2\/posts\/16410\/revisions"}],"predecessor-version":[{"id":16427,"href":"https:\/\/agora.xtec.cat\/escolalavilapalamos\/wp-json\/wp\/v2\/posts\/16410\/revisions\/16427"}],"wp:attachment":[{"href":"https:\/\/agora.xtec.cat\/escolalavilapalamos\/wp-json\/wp\/v2\/media?parent=16410"}],"wp:term":[{"taxonomy":"category","embeddable":true,"href":"https:\/\/agora.xtec.cat\/escolalavilapalamos\/wp-json\/wp\/v2\/categories?post=16410"},{"taxonomy":"post_tag","embeddable":true,"href":"https:\/\/agora.xtec.cat\/escolalavilapalamos\/wp-json\/wp\/v2\/tags?post=16410"}],"curies":[{"name":"wp","href":"https:\/\/api.w.org\/{rel}","templated":true}]}}