{"id":16373,"date":"2026-02-03T11:09:22","date_gmt":"2026-02-03T10:09:22","guid":{"rendered":"https:\/\/agora.xtec.cat\/escolalavilapalamos\/?p=16373"},"modified":"2026-02-03T11:09:22","modified_gmt":"2026-02-03T10:09:22","slug":"missio-h2o","status":"publish","type":"post","link":"https:\/\/agora.xtec.cat\/escolalavilapalamos\/general\/missio-h2o\/","title":{"rendered":"Missi\u00f3 H2O"},"content":{"rendered":"<p data-start=\"130\" data-end=\"319\">A la classe estem treballant el tema de l\u2019aigua i aquesta setmana hem tingut una visita molt especial. Han vingut a l\u2019escola a fer-nos un taller sobre l\u2019aigua i ens ha agradat molt!<\/p>\n<p data-start=\"321\" data-end=\"583\">Durant el taller ten\u00edem una missi\u00f3: descobrir d&#8217;on surt l&#8217;aigua de l&#8217;aixeta. Hem descobert i treballat el cicle urb\u00e0 de l\u2019aigua: d\u2019on ve l\u2019aigua que fem servir cada dia, com arriba a casa nostra i qu\u00e8 passa quan ja l\u2019hem utilitzada. Ho hem apr\u00e8s fent experiments, observant i participant tots junts.<\/p>\n<p data-start=\"585\" data-end=\"731\">Hem apr\u00e8s moltes coses noves i hem ent\u00e8s com \u00e9s d\u2019important cuidar l\u2019aigua i no malgastar-la. Ens ho hem passat molt b\u00e9 i hem apr\u00e8s molt!\u00a0 Per veure les fotos podeu\u00a0 clicar\u00a0 <a href=\"https:\/\/agora.xtec.cat\/escolalavilapalamos\/general\/fotos-missio-h2o\/\">aqu\u00ed.<\/a><a href=\"https:\/\/agora.xtec.cat\/escolalavilapalamos\/wp-content\/uploads\/usu897\/2026\/02\/IMG_3563-1.heic\"><img decoding=\"async\" class=\"aligncenter size-full wp-image-16375\" src=\"https:\/\/agora.xtec.cat\/escolalavilapalamos\/wp-content\/uploads\/usu897\/2026\/02\/IMG_3563-1.heic\" alt=\"\" \/><\/a><\/p>\n<p data-start=\"585\" data-end=\"731\"><a href=\"https:\/\/agora.xtec.cat\/escolalavilapalamos\/wp-content\/uploads\/usu897\/2026\/02\/Captura-de-pantalla-2026-02-02-122349.png\"><img loading=\"lazy\" decoding=\"async\" class=\"aligncenter size-medium wp-image-16378\" src=\"https:\/\/agora.xtec.cat\/escolalavilapalamos\/wp-content\/uploads\/usu897\/2026\/02\/Captura-de-pantalla-2026-02-02-122349-226x300.png\" alt=\"\" width=\"226\" height=\"300\" srcset=\"https:\/\/agora.xtec.cat\/escolalavilapalamos\/wp-content\/uploads\/usu897\/2026\/02\/Captura-de-pantalla-2026-02-02-122349-226x300.png 226w, https:\/\/agora.xtec.cat\/escolalavilapalamos\/wp-content\/uploads\/usu897\/2026\/02\/Captura-de-pantalla-2026-02-02-122349.png 462w\" sizes=\"auto, (max-width: 226px) 100vw, 226px\" \/><\/a><a href=\"https:\/\/agora.xtec.cat\/escolalavilapalamos\/wp-content\/uploads\/usu897\/2026\/02\/IMG_3563.heic\"><img decoding=\"async\" class=\"aligncenter size-full wp-image-16374\" src=\"https:\/\/agora.xtec.cat\/escolalavilapalamos\/wp-content\/uploads\/usu897\/2026\/02\/IMG_3563.heic\" alt=\"\" \/><\/a><\/p>\n","protected":false},"excerpt":{"rendered":"<p>A la classe estem treballant el tema de l\u2019aigua i aquesta setmana hem tingut una visita molt especial. Han vingut a l\u2019escola a fer-nos un taller sobre l\u2019aigua i ens ha agradat molt!<br \/>\nDurant el taller ten\u00edem una missi\u00f3: descobrir d&#8217;on surt l&#8217;aigua de l&#8217;aixeta. Hem&hellip;  <a href=\"https:\/\/agora.xtec.cat\/escolalavilapalamos\/general\/missio-h2o\/\" title=\"Read Missi\u00f3 H2O\">Llegeix m\u00e9s\u00bb<\/a><\/p>\n","protected":false},"author":132,"featured_media":0,"comment_status":"open","ping_status":"open","sticky":false,"template":"","format":"standard","meta":{"_bbp_topic_count":0,"_bbp_reply_count":0,"_bbp_total_topic_count":0,"_bbp_total_reply_count":0,"_bbp_voice_count":0,"_bbp_anonymous_reply_count":0,"_bbp_topic_count_hidden":0,"_bbp_reply_count_hidden":0,"_bbp_forum_subforum_count":0,"footnotes":""},"categories":[1,4],"tags":[],"class_list":["post-16373","post","type-post","status-publish","format-standard","hentry","category-general","category-portada"],"post_mailing_queue_ids":[],"_links":{"self":[{"href":"https:\/\/agora.xtec.cat\/escolalavilapalamos\/wp-json\/wp\/v2\/posts\/16373","targetHints":{"allow":["GET"]}}],"collection":[{"href":"https:\/\/agora.xtec.cat\/escolalavilapalamos\/wp-json\/wp\/v2\/posts"}],"about":[{"href":"https:\/\/agora.xtec.cat\/escolalavilapalamos\/wp-json\/wp\/v2\/types\/post"}],"author":[{"embeddable":true,"href":"https:\/\/agora.xtec.cat\/escolalavilapalamos\/wp-json\/wp\/v2\/users\/132"}],"replies":[{"embeddable":true,"href":"https:\/\/agora.xtec.cat\/escolalavilapalamos\/wp-json\/wp\/v2\/comments?post=16373"}],"version-history":[{"count":4,"href":"https:\/\/agora.xtec.cat\/escolalavilapalamos\/wp-json\/wp\/v2\/posts\/16373\/revisions"}],"predecessor-version":[{"id":16387,"href":"https:\/\/agora.xtec.cat\/escolalavilapalamos\/wp-json\/wp\/v2\/posts\/16373\/revisions\/16387"}],"wp:attachment":[{"href":"https:\/\/agora.xtec.cat\/escolalavilapalamos\/wp-json\/wp\/v2\/media?parent=16373"}],"wp:term":[{"taxonomy":"category","embeddable":true,"href":"https:\/\/agora.xtec.cat\/escolalavilapalamos\/wp-json\/wp\/v2\/categories?post=16373"},{"taxonomy":"post_tag","embeddable":true,"href":"https:\/\/agora.xtec.cat\/escolalavilapalamos\/wp-json\/wp\/v2\/tags?post=16373"}],"curies":[{"name":"wp","href":"https:\/\/api.w.org\/{rel}","templated":true}]}}