{"id":16370,"date":"2026-02-03T11:10:50","date_gmt":"2026-02-03T10:10:50","guid":{"rendered":"https:\/\/agora.xtec.cat\/escolalavilapalamos\/?p=16370"},"modified":"2026-02-03T11:10:50","modified_gmt":"2026-02-03T10:10:50","slug":"explosio-dhormones-a-6e","status":"publish","type":"post","link":"https:\/\/agora.xtec.cat\/escolalavilapalamos\/general\/explosio-dhormones-a-6e\/","title":{"rendered":"Explosi\u00f3 d&#8217;hormones a 6\u00e8"},"content":{"rendered":"<p><span style=\"font-weight: 400;\">L&#8217;adolesc\u00e8ncia a 6\u00e8<\/span><\/p>\n<p><span style=\"font-weight: 400;\">Durant el primer trimestre, l\u2019alumnat de 6\u00e8 ha treballat l\u2019adolesc\u00e8ncia a les sessions de TG. Els nois i noies han pres consci\u00e8ncia que l\u2019adolesc\u00e8ncia \u00e9s una etapa de canvis importants, tant a nivell f\u00edsic com social i psicol\u00f2gic, que s\u2019inicien amb la pubertat. Les hormones s\u00f3n les responsables d\u2019aquests canvis.<\/span><\/p>\n<p><span style=\"font-weight: 400;\">Com que es tracta d\u2019una etapa de molts canvis, l\u2019alimentaci\u00f3 hi t\u00e9 un paper clau; per aquest motiu, s\u2019ha treballat la pir\u00e0mide aliment\u00e0ria.<\/span><\/p>\n<p><span style=\"font-weight: 400;\">Ha estat un TG molt enriquidor, ja que ha ajudat l\u2019alumnat a comprendre millor els canvis que comencen a produir-se en el seu cos.<\/span><\/p>\n<p><span style=\"font-weight: 400;\">Per finalitzar aquest TG, s\u2019ha convidat les fam\u00edlies a assistir a la darrera sessi\u00f3 del tema, on han pogut acompanyar l\u2019alumnat i gaudir dels <\/span><i><span style=\"font-weight: 400;\">role-playing<\/span><\/i><span style=\"font-weight: 400;\"> que han preparat.<\/span><\/p>\n<p><a href=\"https:\/\/agora.xtec.cat\/escolalavilapalamos\/wp-content\/uploads\/usu897\/2026\/02\/images.jpg\"><img loading=\"lazy\" decoding=\"async\" class=\"aligncenter size-full wp-image-16371\" src=\"https:\/\/agora.xtec.cat\/escolalavilapalamos\/wp-content\/uploads\/usu897\/2026\/02\/images.jpg\" alt=\"\" width=\"274\" height=\"184\" \/><\/a><\/p>\n","protected":false},"excerpt":{"rendered":"<p>L&#8217;adolesc\u00e8ncia a 6\u00e8<br \/>\nDurant el primer trimestre, l\u2019alumnat de 6\u00e8 ha treballat l\u2019adolesc\u00e8ncia a les sessions de TG. Els nois i noies han pres consci\u00e8ncia que l\u2019adolesc\u00e8ncia \u00e9s una etapa de canvis importants, tant a nivell f\u00edsic com social i psicol\u00f2gic, que s\u2019inicien amb la pubertat.&hellip;  <a href=\"https:\/\/agora.xtec.cat\/escolalavilapalamos\/general\/explosio-dhormones-a-6e\/\" title=\"Read Explosi\u00f3 d&#8217;hormones a 6\u00e8\">Llegeix m\u00e9s\u00bb<\/a><\/p>\n","protected":false},"author":132,"featured_media":0,"comment_status":"open","ping_status":"open","sticky":false,"template":"","format":"standard","meta":{"_bbp_topic_count":0,"_bbp_reply_count":0,"_bbp_total_topic_count":0,"_bbp_total_reply_count":0,"_bbp_voice_count":0,"_bbp_anonymous_reply_count":0,"_bbp_topic_count_hidden":0,"_bbp_reply_count_hidden":0,"_bbp_forum_subforum_count":0,"footnotes":""},"categories":[15,128,1,4,5],"tags":[],"class_list":["post-16370","post","type-post","status-publish","format-standard","hentry","category-6e","category-comunitat-de-grans","category-general","category-portada","category-primaria"],"post_mailing_queue_ids":[],"_links":{"self":[{"href":"https:\/\/agora.xtec.cat\/escolalavilapalamos\/wp-json\/wp\/v2\/posts\/16370","targetHints":{"allow":["GET"]}}],"collection":[{"href":"https:\/\/agora.xtec.cat\/escolalavilapalamos\/wp-json\/wp\/v2\/posts"}],"about":[{"href":"https:\/\/agora.xtec.cat\/escolalavilapalamos\/wp-json\/wp\/v2\/types\/post"}],"author":[{"embeddable":true,"href":"https:\/\/agora.xtec.cat\/escolalavilapalamos\/wp-json\/wp\/v2\/users\/132"}],"replies":[{"embeddable":true,"href":"https:\/\/agora.xtec.cat\/escolalavilapalamos\/wp-json\/wp\/v2\/comments?post=16370"}],"version-history":[{"count":2,"href":"https:\/\/agora.xtec.cat\/escolalavilapalamos\/wp-json\/wp\/v2\/posts\/16370\/revisions"}],"predecessor-version":[{"id":16388,"href":"https:\/\/agora.xtec.cat\/escolalavilapalamos\/wp-json\/wp\/v2\/posts\/16370\/revisions\/16388"}],"wp:attachment":[{"href":"https:\/\/agora.xtec.cat\/escolalavilapalamos\/wp-json\/wp\/v2\/media?parent=16370"}],"wp:term":[{"taxonomy":"category","embeddable":true,"href":"https:\/\/agora.xtec.cat\/escolalavilapalamos\/wp-json\/wp\/v2\/categories?post=16370"},{"taxonomy":"post_tag","embeddable":true,"href":"https:\/\/agora.xtec.cat\/escolalavilapalamos\/wp-json\/wp\/v2\/tags?post=16370"}],"curies":[{"name":"wp","href":"https:\/\/api.w.org\/{rel}","templated":true}]}}