{"id":16357,"date":"2026-02-02T10:02:18","date_gmt":"2026-02-02T09:02:18","guid":{"rendered":"https:\/\/agora.xtec.cat\/escolalavilapalamos\/?p=16357"},"modified":"2026-02-02T10:02:18","modified_gmt":"2026-02-02T09:02:18","slug":"a-3r-treballem-la-nostra-comarca","status":"publish","type":"post","link":"https:\/\/agora.xtec.cat\/escolalavilapalamos\/general\/a-3r-treballem-la-nostra-comarca\/","title":{"rendered":"A 3r TREBALLEM LA NOSTRA COMARCA"},"content":{"rendered":"<p data-pm-slice=\"1 1 []\">Fa unes setmanes que a 3r estem treballant la nostra comarca, el Baix Empord\u00e0. Fins ara hem descobert alguns elements hist\u00f2rics de diferents \u00e8poques que hi trobem (el Castell de Montgr\u00ed, el poblat ib\u00e8ric de Castell, el Dolmen de Romany\u00e0, etc.). Tamb\u00e9 hem vist diferents relleus del Baix Empord\u00e0, alguns els coneix\u00edem m\u00e9s i d&#8217;altres ha sigut ben divertit poder-los col\u00b7locar en un mapa.<\/p>\n<p data-pm-slice=\"1 1 []\">Aquests \u00faltims dies hem pogut comprovar que, elements de la natura del Baix Empord\u00e0, estan al nostre pati! Quina sort que tenim! Aix\u00ed que aprofitant la flora d&#8217;un entorn tan proper, hem sortit a fora per poder veure-la i analitzar-la de ben a prop.<\/p>\n<p>Com ho hem fet? Primer hem parlat dels arbres que tenim el pati i hem arribat a la conclusi\u00f3 que tenim alzines i pins. Hem sortit a mirar la difer\u00e8ncia entre els dos arbres, a dibuixar-los a la llibreta, els hem tocat, hem mirat com s\u00f3n les fulles, els fruits, etc. Ens hem convertit en uns bons exploradors.<\/p>\n<p>Estem immersos en la nostra comarca i, tot i que ens queda molt recorregut, estem aprenent molt!!!<\/p>\n<p>&nbsp;<\/p>\n<p><a href=\"https:\/\/agora.xtec.cat\/escolalavilapalamos\/wp-content\/uploads\/usu897\/2026\/01\/alzina-1-scaled.jpeg\"><img loading=\"lazy\" decoding=\"async\" class=\" wp-image-16363 alignright\" src=\"https:\/\/agora.xtec.cat\/escolalavilapalamos\/wp-content\/uploads\/usu897\/2026\/01\/alzina-1-225x300.jpeg\" alt=\"\" width=\"220\" height=\"293\" srcset=\"https:\/\/agora.xtec.cat\/escolalavilapalamos\/wp-content\/uploads\/usu897\/2026\/01\/alzina-1-225x300.jpeg 225w, https:\/\/agora.xtec.cat\/escolalavilapalamos\/wp-content\/uploads\/usu897\/2026\/01\/alzina-1-768x1024.jpeg 768w, https:\/\/agora.xtec.cat\/escolalavilapalamos\/wp-content\/uploads\/usu897\/2026\/01\/alzina-1-1152x1536.jpeg 1152w, https:\/\/agora.xtec.cat\/escolalavilapalamos\/wp-content\/uploads\/usu897\/2026\/01\/alzina-1-1536x2048.jpeg 1536w, https:\/\/agora.xtec.cat\/escolalavilapalamos\/wp-content\/uploads\/usu897\/2026\/01\/alzina-1-scaled.jpeg 1920w\" sizes=\"auto, (max-width: 220px) 100vw, 220px\" \/><\/a><\/p>\n<p>&nbsp;<\/p>\n<p><a href=\"https:\/\/agora.xtec.cat\/escolalavilapalamos\/wp-content\/uploads\/usu897\/2026\/01\/a5ff4c7d-f285-455a-9a22-a2586e16ee46.jpg\"><img loading=\"lazy\" decoding=\"async\" class=\"wp-image-16358 alignleft\" src=\"https:\/\/agora.xtec.cat\/escolalavilapalamos\/wp-content\/uploads\/usu897\/2026\/01\/a5ff4c7d-f285-455a-9a22-a2586e16ee46-225x300.jpg\" alt=\"\" width=\"199\" height=\"265\" srcset=\"https:\/\/agora.xtec.cat\/escolalavilapalamos\/wp-content\/uploads\/usu897\/2026\/01\/a5ff4c7d-f285-455a-9a22-a2586e16ee46-225x300.jpg 225w, https:\/\/agora.xtec.cat\/escolalavilapalamos\/wp-content\/uploads\/usu897\/2026\/01\/a5ff4c7d-f285-455a-9a22-a2586e16ee46-769x1024.jpg 769w, https:\/\/agora.xtec.cat\/escolalavilapalamos\/wp-content\/uploads\/usu897\/2026\/01\/a5ff4c7d-f285-455a-9a22-a2586e16ee46-768x1023.jpg 768w, https:\/\/agora.xtec.cat\/escolalavilapalamos\/wp-content\/uploads\/usu897\/2026\/01\/a5ff4c7d-f285-455a-9a22-a2586e16ee46-1153x1536.jpg 1153w, https:\/\/agora.xtec.cat\/escolalavilapalamos\/wp-content\/uploads\/usu897\/2026\/01\/a5ff4c7d-f285-455a-9a22-a2586e16ee46.jpg 1537w\" sizes=\"auto, (max-width: 199px) 100vw, 199px\" \/><\/a><\/p>\n<p><a href=\"https:\/\/agora.xtec.cat\/escolalavilapalamos\/wp-content\/uploads\/usu897\/2026\/01\/ffd967af-ea21-4da0-89ed-8a8ee88a806b.jpg\"><img loading=\"lazy\" decoding=\"async\" class=\"size-medium wp-image-16364 aligncenter\" src=\"https:\/\/agora.xtec.cat\/escolalavilapalamos\/wp-content\/uploads\/usu897\/2026\/01\/ffd967af-ea21-4da0-89ed-8a8ee88a806b-225x300.jpg\" alt=\"\" width=\"225\" height=\"300\" srcset=\"https:\/\/agora.xtec.cat\/escolalavilapalamos\/wp-content\/uploads\/usu897\/2026\/01\/ffd967af-ea21-4da0-89ed-8a8ee88a806b-225x300.jpg 225w, https:\/\/agora.xtec.cat\/escolalavilapalamos\/wp-content\/uploads\/usu897\/2026\/01\/ffd967af-ea21-4da0-89ed-8a8ee88a806b-769x1024.jpg 769w, https:\/\/agora.xtec.cat\/escolalavilapalamos\/wp-content\/uploads\/usu897\/2026\/01\/ffd967af-ea21-4da0-89ed-8a8ee88a806b-768x1023.jpg 768w, https:\/\/agora.xtec.cat\/escolalavilapalamos\/wp-content\/uploads\/usu897\/2026\/01\/ffd967af-ea21-4da0-89ed-8a8ee88a806b-1153x1536.jpg 1153w, https:\/\/agora.xtec.cat\/escolalavilapalamos\/wp-content\/uploads\/usu897\/2026\/01\/ffd967af-ea21-4da0-89ed-8a8ee88a806b.jpg 1537w\" sizes=\"auto, (max-width: 225px) 100vw, 225px\" \/><\/a><\/p>\n<p>&nbsp;<\/p>\n<p>Continuem el viatge per la nostra comarca!<\/p>\n","protected":false},"excerpt":{"rendered":"<p>Fa unes setmanes que a 3r estem treballant la nostra comarca, el Baix Empord\u00e0. Fins ara hem descobert alguns elements hist\u00f2rics de diferents \u00e8poques que hi trobem (el Castell de Montgr\u00ed, el poblat ib\u00e8ric de Castell, el Dolmen de Romany\u00e0, etc.). Tamb\u00e9 hem vist diferents&hellip;  <a href=\"https:\/\/agora.xtec.cat\/escolalavilapalamos\/general\/a-3r-treballem-la-nostra-comarca\/\" title=\"Read A 3r TREBALLEM LA NOSTRA COMARCA\">Llegeix m\u00e9s\u00bb<\/a><\/p>\n","protected":false},"author":131,"featured_media":0,"comment_status":"closed","ping_status":"closed","sticky":false,"template":"","format":"standard","meta":{"_bbp_topic_count":0,"_bbp_reply_count":0,"_bbp_total_topic_count":0,"_bbp_total_reply_count":0,"_bbp_voice_count":0,"_bbp_anonymous_reply_count":0,"_bbp_topic_count_hidden":0,"_bbp_reply_count_hidden":0,"_bbp_forum_subforum_count":0,"footnotes":""},"categories":[127,1,4],"tags":[],"class_list":["post-16357","post","type-post","status-publish","format-standard","hentry","category-comunitat-de-mitjans","category-general","category-portada"],"post_mailing_queue_ids":[],"_links":{"self":[{"href":"https:\/\/agora.xtec.cat\/escolalavilapalamos\/wp-json\/wp\/v2\/posts\/16357","targetHints":{"allow":["GET"]}}],"collection":[{"href":"https:\/\/agora.xtec.cat\/escolalavilapalamos\/wp-json\/wp\/v2\/posts"}],"about":[{"href":"https:\/\/agora.xtec.cat\/escolalavilapalamos\/wp-json\/wp\/v2\/types\/post"}],"author":[{"embeddable":true,"href":"https:\/\/agora.xtec.cat\/escolalavilapalamos\/wp-json\/wp\/v2\/users\/131"}],"replies":[{"embeddable":true,"href":"https:\/\/agora.xtec.cat\/escolalavilapalamos\/wp-json\/wp\/v2\/comments?post=16357"}],"version-history":[{"count":6,"href":"https:\/\/agora.xtec.cat\/escolalavilapalamos\/wp-json\/wp\/v2\/posts\/16357\/revisions"}],"predecessor-version":[{"id":16369,"href":"https:\/\/agora.xtec.cat\/escolalavilapalamos\/wp-json\/wp\/v2\/posts\/16357\/revisions\/16369"}],"wp:attachment":[{"href":"https:\/\/agora.xtec.cat\/escolalavilapalamos\/wp-json\/wp\/v2\/media?parent=16357"}],"wp:term":[{"taxonomy":"category","embeddable":true,"href":"https:\/\/agora.xtec.cat\/escolalavilapalamos\/wp-json\/wp\/v2\/categories?post=16357"},{"taxonomy":"post_tag","embeddable":true,"href":"https:\/\/agora.xtec.cat\/escolalavilapalamos\/wp-json\/wp\/v2\/tags?post=16357"}],"curies":[{"name":"wp","href":"https:\/\/api.w.org\/{rel}","templated":true}]}}