{"id":16348,"date":"2026-02-02T09:00:13","date_gmt":"2026-02-02T08:00:13","guid":{"rendered":"https:\/\/agora.xtec.cat\/escolalavilapalamos\/?p=16348"},"modified":"2026-01-29T11:44:29","modified_gmt":"2026-01-29T10:44:29","slug":"segon-pagament-colonies-2","status":"publish","type":"post","link":"https:\/\/agora.xtec.cat\/escolalavilapalamos\/general\/segon-pagament-colonies-2\/","title":{"rendered":"Segon pagament col\u00f2nies"},"content":{"rendered":"<p>Ja s&#8217;estan acostant les dates de les col\u00f2nies! Recordeu que\u00a0 els m\u00e9s petits van\u00a0 al<strong> Mas Muxach<\/strong> a Brunyola, els mitjans al <strong>Ginebr\u00f3<\/strong> de Vilopriu i 4t i 5\u00e8 al Vil\u00e0 a Porqueres<strong>.<\/strong><\/p>\n<p>El mes de novembre es va fer un primer pagament de bestreta de 60\u20ac i ara els vostres fills i filles us han fet arribar el segon pagament. El preu de les col\u00f2nies \u00a0inclou autocar, estada i tallers, i tamb\u00e9 la comissi\u00f3 de La Caixa. Aquest s\u2019ha de fer<strong>\u00a0 mitjan\u00e7ant el codi de barres. <\/strong><strong>Cal indicar el nom, cognoms i curs de l\u2019alumne.<\/strong><\/p>\n<p>Per\u00edode de pagament:\u00a0<strong>del dilluns 2\u00a0 al dimarts 10 de febrer incl\u00f2s<\/strong>. Cal retornar el comprovant d\u2019ingr\u00e9s a la\/el tutora\/r no m\u00e9s tard del dimecres 11 de febrer.<\/p>\n<p><em><strong>Atenci\u00f3 important:<\/strong>\u00a0En el cas que una fam\u00edlia decideixi que el seu fill\/a no vagi de col\u00f2nies no es retorna la bestreta del primer pagament.<\/em><\/p>\n<p>Us podeu descarregar els codis de barres aqu\u00ed:<\/p>\n<p><a href=\"https:\/\/drive.google.com\/file\/d\/1ovrlSvZP-tQejQjIwLZGOS7uKekh9hed\/view?usp=sharing\">Circular comunitat de petits<\/a><\/p>\n<p><a href=\"https:\/\/drive.google.com\/file\/d\/10xdUqVii2QrF6svwnzBsIONh2CclFXZc\/view?usp=sharing\">Circular comunitat de mitjans<\/a><\/p>\n<p><a href=\"https:\/\/drive.google.com\/file\/d\/1l-4KqnzycyhHZs1g_lXqrjMCwljio7KA\/view?usp=sharing\">Circular 4t i 5\u00e8<\/a><\/p>\n<p><img decoding=\"async\" src=\"https:\/\/agora.xtec.cat\/escolalavilapalamos\/wp-content\/uploads\/usu897\/2023\/10\/colonies2ok.jpg\" \/><\/p>\n","protected":false},"excerpt":{"rendered":"<p>Ja s&#8217;estan acostant les dates de les col\u00f2nies! Recordeu que\u00a0 els m\u00e9s petits van\u00a0 al Mas Muxach a Brunyola, els mitjans al Ginebr\u00f3 de Vilopriu i 4t i 5\u00e8 al Vil\u00e0 a Porqueres.<br \/>\nEl mes de novembre es va fer un primer pagament de bestreta de&hellip;  <a href=\"https:\/\/agora.xtec.cat\/escolalavilapalamos\/general\/segon-pagament-colonies-2\/\" title=\"Read Segon pagament col\u00f2nies\">Llegeix m\u00e9s\u00bb<\/a><\/p>\n","protected":false},"author":1,"featured_media":0,"comment_status":"open","ping_status":"open","sticky":false,"template":"","format":"standard","meta":{"_bbp_topic_count":0,"_bbp_reply_count":0,"_bbp_total_topic_count":0,"_bbp_total_reply_count":0,"_bbp_voice_count":0,"_bbp_anonymous_reply_count":0,"_bbp_topic_count_hidden":0,"_bbp_reply_count_hidden":0,"_bbp_forum_subforum_count":0,"footnotes":""},"categories":[1],"tags":[],"class_list":["post-16348","post","type-post","status-publish","format-standard","hentry","category-general"],"post_mailing_queue_ids":[],"_links":{"self":[{"href":"https:\/\/agora.xtec.cat\/escolalavilapalamos\/wp-json\/wp\/v2\/posts\/16348","targetHints":{"allow":["GET"]}}],"collection":[{"href":"https:\/\/agora.xtec.cat\/escolalavilapalamos\/wp-json\/wp\/v2\/posts"}],"about":[{"href":"https:\/\/agora.xtec.cat\/escolalavilapalamos\/wp-json\/wp\/v2\/types\/post"}],"author":[{"embeddable":true,"href":"https:\/\/agora.xtec.cat\/escolalavilapalamos\/wp-json\/wp\/v2\/users\/1"}],"replies":[{"embeddable":true,"href":"https:\/\/agora.xtec.cat\/escolalavilapalamos\/wp-json\/wp\/v2\/comments?post=16348"}],"version-history":[{"count":2,"href":"https:\/\/agora.xtec.cat\/escolalavilapalamos\/wp-json\/wp\/v2\/posts\/16348\/revisions"}],"predecessor-version":[{"id":16361,"href":"https:\/\/agora.xtec.cat\/escolalavilapalamos\/wp-json\/wp\/v2\/posts\/16348\/revisions\/16361"}],"wp:attachment":[{"href":"https:\/\/agora.xtec.cat\/escolalavilapalamos\/wp-json\/wp\/v2\/media?parent=16348"}],"wp:term":[{"taxonomy":"category","embeddable":true,"href":"https:\/\/agora.xtec.cat\/escolalavilapalamos\/wp-json\/wp\/v2\/categories?post=16348"},{"taxonomy":"post_tag","embeddable":true,"href":"https:\/\/agora.xtec.cat\/escolalavilapalamos\/wp-json\/wp\/v2\/tags?post=16348"}],"curies":[{"name":"wp","href":"https:\/\/api.w.org\/{rel}","templated":true}]}}