{"id":16320,"date":"2026-01-26T12:58:03","date_gmt":"2026-01-26T11:58:03","guid":{"rendered":"https:\/\/agora.xtec.cat\/escolalavilapalamos\/?p=16320"},"modified":"2026-01-26T12:58:28","modified_gmt":"2026-01-26T11:58:28","slug":"a-5e-comencem-amb-el-cacador-de-diamants","status":"publish","type":"post","link":"https:\/\/agora.xtec.cat\/escolalavilapalamos\/general\/a-5e-comencem-amb-el-cacador-de-diamants\/","title":{"rendered":"A 5\u00e8 comencem amb &#8220;El ca\u00e7ador de Diamants&#8221;!"},"content":{"rendered":"<p><img loading=\"lazy\" decoding=\"async\" class=\"aligncenter\" src=\"https:\/\/agora.xtec.cat\/escolalavilapalamos\/wp-content\/uploads\/usu897\/2021\/03\/Joc_Complert-700x700.jpg\" width=\"202\" height=\"202\" \/><\/p>\n<p>Aquest trimestre hem iniciat les classes d\u2019educaci\u00f3 f\u00edsica realitzant un joc de taula que es diu\u00a0<strong>Ca\u00e7adors de Diamants<\/strong>. Aquest joc servir\u00e0 per potenciar el treball cooperatiu a trav\u00e9s de reptes d\u2019educaci\u00f3 f\u00edsica. L\u2019alumnat de 5\u00e8 s\u2019endinsar\u00e0 en una divertida hist\u00f2ria durant aquestes sessions on treballar\u00e0 de valent per arribar a un objectiu com\u00fa. Cada grup gaudir\u00e0 i jugar\u00e0 tot potenciant el treball en equip i el respecte envers als altres i segur que ho faran genial. Endavant ca\u00e7adors i ca\u00e7adores!<\/p>\n<p><a href=\"https:\/\/agora.xtec.cat\/escolalavilapalamos\/wp-content\/uploads\/usu897\/2026\/01\/IMG-20260126-WA0001.jpg\"><img loading=\"lazy\" decoding=\"async\" class=\"wp-image-16321 alignleft\" src=\"https:\/\/agora.xtec.cat\/escolalavilapalamos\/wp-content\/uploads\/usu897\/2026\/01\/IMG-20260126-WA0001-300x225.jpg\" alt=\"\" width=\"266\" height=\"200\" srcset=\"https:\/\/agora.xtec.cat\/escolalavilapalamos\/wp-content\/uploads\/usu897\/2026\/01\/IMG-20260126-WA0001-300x225.jpg 300w, https:\/\/agora.xtec.cat\/escolalavilapalamos\/wp-content\/uploads\/usu897\/2026\/01\/IMG-20260126-WA0001-1024x768.jpg 1024w, https:\/\/agora.xtec.cat\/escolalavilapalamos\/wp-content\/uploads\/usu897\/2026\/01\/IMG-20260126-WA0001-768x576.jpg 768w, https:\/\/agora.xtec.cat\/escolalavilapalamos\/wp-content\/uploads\/usu897\/2026\/01\/IMG-20260126-WA0001-1536x1152.jpg 1536w, https:\/\/agora.xtec.cat\/escolalavilapalamos\/wp-content\/uploads\/usu897\/2026\/01\/IMG-20260126-WA0001-200x150.jpg 200w, https:\/\/agora.xtec.cat\/escolalavilapalamos\/wp-content\/uploads\/usu897\/2026\/01\/IMG-20260126-WA0001.jpg 2048w\" sizes=\"auto, (max-width: 266px) 100vw, 266px\" \/><\/a><a href=\"https:\/\/agora.xtec.cat\/escolalavilapalamos\/wp-content\/uploads\/usu897\/2026\/01\/IMG-20260126-WA0000.jpg\"><img loading=\"lazy\" decoding=\"async\" class=\"wp-image-16322 alignleft\" src=\"https:\/\/agora.xtec.cat\/escolalavilapalamos\/wp-content\/uploads\/usu897\/2026\/01\/IMG-20260126-WA0000-300x225.jpg\" alt=\"\" width=\"267\" height=\"200\" srcset=\"https:\/\/agora.xtec.cat\/escolalavilapalamos\/wp-content\/uploads\/usu897\/2026\/01\/IMG-20260126-WA0000-300x225.jpg 300w, https:\/\/agora.xtec.cat\/escolalavilapalamos\/wp-content\/uploads\/usu897\/2026\/01\/IMG-20260126-WA0000-1024x768.jpg 1024w, https:\/\/agora.xtec.cat\/escolalavilapalamos\/wp-content\/uploads\/usu897\/2026\/01\/IMG-20260126-WA0000-768x576.jpg 768w, https:\/\/agora.xtec.cat\/escolalavilapalamos\/wp-content\/uploads\/usu897\/2026\/01\/IMG-20260126-WA0000-1536x1152.jpg 1536w, https:\/\/agora.xtec.cat\/escolalavilapalamos\/wp-content\/uploads\/usu897\/2026\/01\/IMG-20260126-WA0000-200x150.jpg 200w, https:\/\/agora.xtec.cat\/escolalavilapalamos\/wp-content\/uploads\/usu897\/2026\/01\/IMG-20260126-WA0000.jpg 2048w\" sizes=\"auto, (max-width: 267px) 100vw, 267px\" \/><\/a><\/p>\n","protected":false},"excerpt":{"rendered":"<p>Aquest trimestre hem iniciat les classes d\u2019educaci\u00f3 f\u00edsica realitzant un joc de taula que es diu\u00a0Ca\u00e7adors de Diamants. Aquest joc servir\u00e0 per potenciar el treball cooperatiu a trav\u00e9s de reptes d\u2019educaci\u00f3 f\u00edsica. L\u2019alumnat de 5\u00e8 s\u2019endinsar\u00e0 en una divertida hist\u00f2ria durant aquestes sessions on treballar\u00e0&hellip;  <a href=\"https:\/\/agora.xtec.cat\/escolalavilapalamos\/general\/a-5e-comencem-amb-el-cacador-de-diamants\/\" title=\"Read A 5\u00e8 comencem amb &#8220;El ca\u00e7ador de Diamants&#8221;!\">Llegeix m\u00e9s\u00bb<\/a><\/p>\n","protected":false},"author":132,"featured_media":0,"comment_status":"closed","ping_status":"closed","sticky":false,"template":"","format":"standard","meta":{"_bbp_topic_count":0,"_bbp_reply_count":0,"_bbp_total_topic_count":0,"_bbp_total_reply_count":0,"_bbp_voice_count":0,"_bbp_anonymous_reply_count":0,"_bbp_topic_count_hidden":0,"_bbp_reply_count_hidden":0,"_bbp_forum_subforum_count":0,"footnotes":""},"categories":[128,70,67,1,4,5],"tags":[],"class_list":["post-16320","post","type-post","status-publish","format-standard","hentry","category-comunitat-de-grans","category-efi","category-especialistes","category-general","category-portada","category-primaria"],"post_mailing_queue_ids":[],"_links":{"self":[{"href":"https:\/\/agora.xtec.cat\/escolalavilapalamos\/wp-json\/wp\/v2\/posts\/16320","targetHints":{"allow":["GET"]}}],"collection":[{"href":"https:\/\/agora.xtec.cat\/escolalavilapalamos\/wp-json\/wp\/v2\/posts"}],"about":[{"href":"https:\/\/agora.xtec.cat\/escolalavilapalamos\/wp-json\/wp\/v2\/types\/post"}],"author":[{"embeddable":true,"href":"https:\/\/agora.xtec.cat\/escolalavilapalamos\/wp-json\/wp\/v2\/users\/132"}],"replies":[{"embeddable":true,"href":"https:\/\/agora.xtec.cat\/escolalavilapalamos\/wp-json\/wp\/v2\/comments?post=16320"}],"version-history":[{"count":2,"href":"https:\/\/agora.xtec.cat\/escolalavilapalamos\/wp-json\/wp\/v2\/posts\/16320\/revisions"}],"predecessor-version":[{"id":16326,"href":"https:\/\/agora.xtec.cat\/escolalavilapalamos\/wp-json\/wp\/v2\/posts\/16320\/revisions\/16326"}],"wp:attachment":[{"href":"https:\/\/agora.xtec.cat\/escolalavilapalamos\/wp-json\/wp\/v2\/media?parent=16320"}],"wp:term":[{"taxonomy":"category","embeddable":true,"href":"https:\/\/agora.xtec.cat\/escolalavilapalamos\/wp-json\/wp\/v2\/categories?post=16320"},{"taxonomy":"post_tag","embeddable":true,"href":"https:\/\/agora.xtec.cat\/escolalavilapalamos\/wp-json\/wp\/v2\/tags?post=16320"}],"curies":[{"name":"wp","href":"https:\/\/api.w.org\/{rel}","templated":true}]}}