{"id":16318,"date":"2026-01-26T14:37:28","date_gmt":"2026-01-26T13:37:28","guid":{"rendered":"https:\/\/agora.xtec.cat\/escolalavilapalamos\/?p=16318"},"modified":"2026-01-26T14:37:28","modified_gmt":"2026-01-26T13:37:28","slug":"activitats-dhivern-a-i5","status":"publish","type":"post","link":"https:\/\/agora.xtec.cat\/escolalavilapalamos\/general\/activitats-dhivern-a-i5\/","title":{"rendered":"ACTIVITATS D&#8217;HIVERN A I5"},"content":{"rendered":"<p><img loading=\"lazy\" decoding=\"async\" class=\"wp-image-16327 alignright\" src=\"https:\/\/agora.xtec.cat\/escolalavilapalamos\/wp-content\/uploads\/usu897\/2026\/01\/foto-reduida-2-1-225x300.jpg\" alt=\"\" width=\"183\" height=\"244\" srcset=\"https:\/\/agora.xtec.cat\/escolalavilapalamos\/wp-content\/uploads\/usu897\/2026\/01\/foto-reduida-2-1-225x300.jpg 225w, https:\/\/agora.xtec.cat\/escolalavilapalamos\/wp-content\/uploads\/usu897\/2026\/01\/foto-reduida-2-1-rotated.jpg 300w\" sizes=\"auto, (max-width: 183px) 100vw, 183px\" \/><\/p>\n<p><img loading=\"lazy\" decoding=\"async\" class=\"wp-image-16328 alignleft\" src=\"https:\/\/agora.xtec.cat\/escolalavilapalamos\/wp-content\/uploads\/usu897\/2026\/01\/foto-reduida-225x300.jpg\" alt=\"\" width=\"176\" height=\"235\" srcset=\"https:\/\/agora.xtec.cat\/escolalavilapalamos\/wp-content\/uploads\/usu897\/2026\/01\/foto-reduida-225x300.jpg 225w, https:\/\/agora.xtec.cat\/escolalavilapalamos\/wp-content\/uploads\/usu897\/2026\/01\/foto-reduida-rotated.jpg 300w\" sizes=\"auto, (max-width: 176px) 100vw, 176px\" \/>Hem iniciat el 2n trimestre amb moltes ganes de continuar aprenent i compartint propostes noves&#8230;<\/p>\n<p>Us hem fet arribar una mostra de fotografies del que hem comen\u00e7at a treballar a l&#8217;aula; dins de les propostes dirigides que fem amb el carnet i ens autogestionem. Veureu que descobrim paraules relacionades amb l&#8217;hivern, busquem les lletres i les escrivim&#8230; cerquem imatges relacionades amb conceptes matem\u00e0tics i les posem en taules de doble entrada com ara elements d&#8217;hivern i colors i, finalment, fem tra\u00e7 mitjan\u00e7ant sanefes per afavorir un bon control del canell que ens ajuda a anar adquirint una bona escriptura.<\/p>\n<p>Esperem que us agradin!<\/p>\n","protected":false},"excerpt":{"rendered":"<p>Hem iniciat el 2n trimestre amb moltes ganes de continuar aprenent i compartint propostes noves&#8230;<br \/>\nUs hem fet arribar una mostra de fotografies del que hem comen\u00e7at a treballar a l&#8217;aula; dins de les propostes dirigides que fem amb el carnet i ens autogestionem. Veureu que&hellip;  <a href=\"https:\/\/agora.xtec.cat\/escolalavilapalamos\/general\/activitats-dhivern-a-i5\/\" title=\"Read ACTIVITATS D&#8217;HIVERN A I5\">Llegeix m\u00e9s\u00bb<\/a><\/p>\n","protected":false},"author":128,"featured_media":16323,"comment_status":"open","ping_status":"open","sticky":false,"template":"","format":"standard","meta":{"_bbp_topic_count":0,"_bbp_reply_count":0,"_bbp_total_topic_count":0,"_bbp_total_reply_count":0,"_bbp_voice_count":0,"_bbp_anonymous_reply_count":0,"_bbp_topic_count_hidden":0,"_bbp_reply_count_hidden":0,"_bbp_forum_subforum_count":0,"footnotes":""},"categories":[1,4],"tags":[],"class_list":["post-16318","post","type-post","status-publish","format-standard","has-post-thumbnail","hentry","category-general","category-portada"],"post_mailing_queue_ids":[],"_links":{"self":[{"href":"https:\/\/agora.xtec.cat\/escolalavilapalamos\/wp-json\/wp\/v2\/posts\/16318","targetHints":{"allow":["GET"]}}],"collection":[{"href":"https:\/\/agora.xtec.cat\/escolalavilapalamos\/wp-json\/wp\/v2\/posts"}],"about":[{"href":"https:\/\/agora.xtec.cat\/escolalavilapalamos\/wp-json\/wp\/v2\/types\/post"}],"author":[{"embeddable":true,"href":"https:\/\/agora.xtec.cat\/escolalavilapalamos\/wp-json\/wp\/v2\/users\/128"}],"replies":[{"embeddable":true,"href":"https:\/\/agora.xtec.cat\/escolalavilapalamos\/wp-json\/wp\/v2\/comments?post=16318"}],"version-history":[{"count":5,"href":"https:\/\/agora.xtec.cat\/escolalavilapalamos\/wp-json\/wp\/v2\/posts\/16318\/revisions"}],"predecessor-version":[{"id":16331,"href":"https:\/\/agora.xtec.cat\/escolalavilapalamos\/wp-json\/wp\/v2\/posts\/16318\/revisions\/16331"}],"wp:featuredmedia":[{"embeddable":true,"href":"https:\/\/agora.xtec.cat\/escolalavilapalamos\/wp-json\/wp\/v2\/media\/16323"}],"wp:attachment":[{"href":"https:\/\/agora.xtec.cat\/escolalavilapalamos\/wp-json\/wp\/v2\/media?parent=16318"}],"wp:term":[{"taxonomy":"category","embeddable":true,"href":"https:\/\/agora.xtec.cat\/escolalavilapalamos\/wp-json\/wp\/v2\/categories?post=16318"},{"taxonomy":"post_tag","embeddable":true,"href":"https:\/\/agora.xtec.cat\/escolalavilapalamos\/wp-json\/wp\/v2\/tags?post=16318"}],"curies":[{"name":"wp","href":"https:\/\/api.w.org\/{rel}","templated":true}]}}