{"id":16309,"date":"2026-01-26T09:20:49","date_gmt":"2026-01-26T08:20:49","guid":{"rendered":"https:\/\/agora.xtec.cat\/escolalavilapalamos\/?p=16309"},"modified":"2026-01-26T09:20:49","modified_gmt":"2026-01-26T08:20:49","slug":"a-2n-comencem-una-nova-aventura-amb-en-xarli","status":"publish","type":"post","link":"https:\/\/agora.xtec.cat\/escolalavilapalamos\/general\/a-2n-comencem-una-nova-aventura-amb-en-xarli\/","title":{"rendered":"A 2n comencem una nova aventura amb en Xarli"},"content":{"rendered":"<p data-start=\"220\" data-end=\"469\">Fa uns dies vam rebre una visita molt especial a l\u2019aula: un mico molt divertit! Nom\u00e9s arribar, es va presentar i ens va explicar la seva hist\u00f2ria a trav\u00e9s d\u2019una carta molt especial que ens va fer molta il\u00b7lusi\u00f3 llegir plegats.<\/p>\n<p data-start=\"471\" data-end=\"810\">La mascota ens ajudar\u00e0 a endinsar-nos en el meravell\u00f3s m\u00f3n dels contes i les hist\u00f2ries. Per comen\u00e7ar aquesta aventura, tamb\u00e9 ens ha portat una llibreta molt especial. Cada setmana, un infant de l\u2019aula se l\u2019endur\u00e0 a casa juntament amb la mascota i hi escriur\u00e0 una hist\u00f2ria relacionada amb ella, que despr\u00e9s compartir\u00e0 amb la resta del grup.<\/p>\n<p data-start=\"812\" data-end=\"1040\">A les estones de llengua ja hem comen\u00e7at a practicar com explicar contes: pensem personatges, ordenem idees, cuidem l\u2019inici i el final\u2026 Tot amb l\u2019objectiu de convertir-nos, a poc a poc, en grans narradors i narradores de contes!<\/p>\n<p data-start=\"1042\" data-end=\"1173\">Estem molt contents de comen\u00e7ar aquesta aventura i segur que la mascota de l\u2019aula ens far\u00e0 viure moltes hist\u00f2ries i moments m\u00e0gics.<\/p>\n<p data-start=\"1042\" data-end=\"1173\">Podeu veure les fotos a la carpeta de 2n que teniu compartida al drive.<\/p>\n<p data-start=\"1042\" data-end=\"1173\"><a href=\"https:\/\/agora.xtec.cat\/escolalavilapalamos\/wp-content\/uploads\/usu897\/2026\/01\/xarlie.png\"><img loading=\"lazy\" decoding=\"async\" class=\"alignnone size-medium wp-image-16310\" src=\"https:\/\/agora.xtec.cat\/escolalavilapalamos\/wp-content\/uploads\/usu897\/2026\/01\/xarlie-260x300.png\" alt=\"\" width=\"260\" height=\"300\" srcset=\"https:\/\/agora.xtec.cat\/escolalavilapalamos\/wp-content\/uploads\/usu897\/2026\/01\/xarlie-260x300.png 260w, https:\/\/agora.xtec.cat\/escolalavilapalamos\/wp-content\/uploads\/usu897\/2026\/01\/xarlie.png 641w\" sizes=\"auto, (max-width: 260px) 100vw, 260px\" \/><\/a><\/p>\n","protected":false},"excerpt":{"rendered":"<p>Fa uns dies vam rebre una visita molt especial a l\u2019aula: un mico molt divertit! Nom\u00e9s arribar, es va presentar i ens va explicar la seva hist\u00f2ria a trav\u00e9s d\u2019una carta molt especial que ens va fer molta il\u00b7lusi\u00f3 llegir plegats.<br \/>\nLa mascota ens ajudar\u00e0 a&hellip;  <a href=\"https:\/\/agora.xtec.cat\/escolalavilapalamos\/general\/a-2n-comencem-una-nova-aventura-amb-en-xarli\/\" title=\"Read A 2n comencem una nova aventura amb en Xarli\">Llegeix m\u00e9s\u00bb<\/a><\/p>\n","protected":false},"author":131,"featured_media":0,"comment_status":"open","ping_status":"open","sticky":false,"template":"","format":"standard","meta":{"_bbp_topic_count":0,"_bbp_reply_count":0,"_bbp_total_topic_count":0,"_bbp_total_reply_count":0,"_bbp_voice_count":0,"_bbp_anonymous_reply_count":0,"_bbp_topic_count_hidden":0,"_bbp_reply_count_hidden":0,"_bbp_forum_subforum_count":0,"footnotes":""},"categories":[127,1,4],"tags":[],"class_list":["post-16309","post","type-post","status-publish","format-standard","hentry","category-comunitat-de-mitjans","category-general","category-portada"],"post_mailing_queue_ids":[],"_links":{"self":[{"href":"https:\/\/agora.xtec.cat\/escolalavilapalamos\/wp-json\/wp\/v2\/posts\/16309","targetHints":{"allow":["GET"]}}],"collection":[{"href":"https:\/\/agora.xtec.cat\/escolalavilapalamos\/wp-json\/wp\/v2\/posts"}],"about":[{"href":"https:\/\/agora.xtec.cat\/escolalavilapalamos\/wp-json\/wp\/v2\/types\/post"}],"author":[{"embeddable":true,"href":"https:\/\/agora.xtec.cat\/escolalavilapalamos\/wp-json\/wp\/v2\/users\/131"}],"replies":[{"embeddable":true,"href":"https:\/\/agora.xtec.cat\/escolalavilapalamos\/wp-json\/wp\/v2\/comments?post=16309"}],"version-history":[{"count":2,"href":"https:\/\/agora.xtec.cat\/escolalavilapalamos\/wp-json\/wp\/v2\/posts\/16309\/revisions"}],"predecessor-version":[{"id":16312,"href":"https:\/\/agora.xtec.cat\/escolalavilapalamos\/wp-json\/wp\/v2\/posts\/16309\/revisions\/16312"}],"wp:attachment":[{"href":"https:\/\/agora.xtec.cat\/escolalavilapalamos\/wp-json\/wp\/v2\/media?parent=16309"}],"wp:term":[{"taxonomy":"category","embeddable":true,"href":"https:\/\/agora.xtec.cat\/escolalavilapalamos\/wp-json\/wp\/v2\/categories?post=16309"},{"taxonomy":"post_tag","embeddable":true,"href":"https:\/\/agora.xtec.cat\/escolalavilapalamos\/wp-json\/wp\/v2\/tags?post=16309"}],"curies":[{"name":"wp","href":"https:\/\/api.w.org\/{rel}","templated":true}]}}