{"id":16285,"date":"2026-01-16T12:41:44","date_gmt":"2026-01-16T11:41:44","guid":{"rendered":"https:\/\/agora.xtec.cat\/escolalavilapalamos\/?p=16285"},"modified":"2026-01-16T14:54:48","modified_gmt":"2026-01-16T13:54:48","slug":"iniciem-lactivitat-de-corfbol","status":"publish","type":"post","link":"https:\/\/agora.xtec.cat\/escolalavilapalamos\/general\/iniciem-lactivitat-de-corfbol\/","title":{"rendered":"Iniciem l&#8217;activitat de Corfbol!"},"content":{"rendered":"<p><a href=\"https:\/\/agora.xtec.cat\/escolalavilapalamos\/wp-content\/uploads\/usu897\/2026\/01\/482d7-Korfball_basket.jpg\"><img loading=\"lazy\" decoding=\"async\" class=\" wp-image-16286 aligncenter\" src=\"https:\/\/agora.xtec.cat\/escolalavilapalamos\/wp-content\/uploads\/usu897\/2026\/01\/482d7-Korfball_basket-300x182.jpg\" alt=\"\" width=\"320\" height=\"194\" srcset=\"https:\/\/agora.xtec.cat\/escolalavilapalamos\/wp-content\/uploads\/usu897\/2026\/01\/482d7-Korfball_basket-300x182.jpg 300w, https:\/\/agora.xtec.cat\/escolalavilapalamos\/wp-content\/uploads\/usu897\/2026\/01\/482d7-Korfball_basket.jpg 468w\" sizes=\"auto, (max-width: 320px) 100vw, 320px\" \/><\/a><\/p>\n<p>Dins del marc del Pla Catal\u00e0 de l&#8217;Esport a l&#8217;Escola (PCEE), iniciem una nova activitat extraescolar: el CORFBOL o KORFBALL. Aquesta s&#8217;iniciar\u00e0 aquest mes de febrer, i es far\u00e0 cada <strong>dimecres de 12h a 13h.<\/strong><\/p>\n<p>El <strong>Corfbol<\/strong> \u00e9s un esport d&#8217;equip jugat entre dos equips de quatre persones que cerquen introduir una pilota dins d&#8217;una cistella de color groc. Es basa en els principis de la <em>cooperaci\u00f3, la no-viol\u00e8ncia, la no especialitzaci\u00f3, l&#8217;habilitat i la\u00a0coeducaci\u00f3<\/em>. \u00c9s un dels exemples m\u00e9s clars de les possibilitats d&#8217;evitar la segregaci\u00f3 per sexes a l&#8217;esport.<\/p>\n<p>Com que \u00e9s una activitat emmarcada al PCEE, \u00e9s una activitat subvencionada, i el preu ser\u00e0 de <strong>5\u20ac<\/strong> mensuals.<\/p>\n<p>Les <strong>inscripcions<\/strong> seran del <strong>20 al 23 de gener<\/strong>. Rebreu l&#8217;enlla\u00e7 per Tokapp.<\/p>\n<p>Us animem a provar-ho!<\/p>\n","protected":false},"excerpt":{"rendered":"<p><a href=\"https:\/\/agora.xtec.cat\/escolalavilapalamos\/wp-content\/uploads\/usu897\/2026\/01\/482d7-Korfball_basket.jpg\"><\/a><br \/>\nDins del marc del Pla Catal\u00e0 de l&#8217;Esport a l&#8217;Escola (PCEE), iniciem una nova activitat extraescolar: el CORFBOL o KORFBALL. Aquesta s&#8217;iniciar\u00e0 aquest mes de febrer, i es far\u00e0 cada dimecres de 12h a 13h.<br \/>\nEl Corfbol \u00e9s un esport d&#8217;equip jugat entre dos equips&hellip;  <a href=\"https:\/\/agora.xtec.cat\/escolalavilapalamos\/general\/iniciem-lactivitat-de-corfbol\/\" title=\"Read Iniciem l&#8217;activitat de Corfbol!\">Llegeix m\u00e9s\u00bb<\/a><\/p>\n","protected":false},"author":1,"featured_media":0,"comment_status":"open","ping_status":"open","sticky":false,"template":"","format":"standard","meta":{"_bbp_topic_count":0,"_bbp_reply_count":0,"_bbp_total_topic_count":0,"_bbp_total_reply_count":0,"_bbp_voice_count":0,"_bbp_anonymous_reply_count":0,"_bbp_topic_count_hidden":0,"_bbp_reply_count_hidden":0,"_bbp_forum_subforum_count":0,"footnotes":""},"categories":[128,1,4,5],"tags":[],"class_list":["post-16285","post","type-post","status-publish","format-standard","hentry","category-comunitat-de-grans","category-general","category-portada","category-primaria"],"post_mailing_queue_ids":[],"_links":{"self":[{"href":"https:\/\/agora.xtec.cat\/escolalavilapalamos\/wp-json\/wp\/v2\/posts\/16285","targetHints":{"allow":["GET"]}}],"collection":[{"href":"https:\/\/agora.xtec.cat\/escolalavilapalamos\/wp-json\/wp\/v2\/posts"}],"about":[{"href":"https:\/\/agora.xtec.cat\/escolalavilapalamos\/wp-json\/wp\/v2\/types\/post"}],"author":[{"embeddable":true,"href":"https:\/\/agora.xtec.cat\/escolalavilapalamos\/wp-json\/wp\/v2\/users\/1"}],"replies":[{"embeddable":true,"href":"https:\/\/agora.xtec.cat\/escolalavilapalamos\/wp-json\/wp\/v2\/comments?post=16285"}],"version-history":[{"count":6,"href":"https:\/\/agora.xtec.cat\/escolalavilapalamos\/wp-json\/wp\/v2\/posts\/16285\/revisions"}],"predecessor-version":[{"id":16294,"href":"https:\/\/agora.xtec.cat\/escolalavilapalamos\/wp-json\/wp\/v2\/posts\/16285\/revisions\/16294"}],"wp:attachment":[{"href":"https:\/\/agora.xtec.cat\/escolalavilapalamos\/wp-json\/wp\/v2\/media?parent=16285"}],"wp:term":[{"taxonomy":"category","embeddable":true,"href":"https:\/\/agora.xtec.cat\/escolalavilapalamos\/wp-json\/wp\/v2\/categories?post=16285"},{"taxonomy":"post_tag","embeddable":true,"href":"https:\/\/agora.xtec.cat\/escolalavilapalamos\/wp-json\/wp\/v2\/tags?post=16285"}],"curies":[{"name":"wp","href":"https:\/\/api.w.org\/{rel}","templated":true}]}}