{"id":16252,"date":"2026-01-12T16:15:12","date_gmt":"2026-01-12T15:15:12","guid":{"rendered":"https:\/\/agora.xtec.cat\/escolalavilapalamos\/?p=16252"},"modified":"2026-01-12T16:25:09","modified_gmt":"2026-01-12T15:25:09","slug":"educar-es-complex-llavors-com-ho-fem","status":"publish","type":"post","link":"https:\/\/agora.xtec.cat\/escolalavilapalamos\/general\/educar-es-complex-llavors-com-ho-fem\/","title":{"rendered":"Educar \u00e9s complex, llavors&#8230; Com ho fem?"},"content":{"rendered":"<p>Des de Dipsalut, organisme de Salut P\u00fablica de la Diputaci\u00f3 de Girona, ens presenten les c\u00e0psules en l\u00ednia per aquest segon trimestre.<\/p>\n<p style=\"font-weight: 400;\">Aquesta activitat s\u2019organitza des del\u00a0<a href=\"https:\/\/families.dipsalut.cat\/ca\/capsules-gener-febrer-marc.html\" data-saferedirecturl=\"https:\/\/www.google.com\/url?q=https:\/\/families.dipsalut.cat\/ca\/capsules-gener-febrer-marc.html&amp;source=gmail&amp;ust=1768314579097000&amp;usg=AOvVaw0YqDvJQCnXzj1Wb-0teZjw\"><strong>Programa per a fam\u00edlies<\/strong><\/a> i va dirigida a pares i mares amb fills i filles escolaritzats a prim\u00e0ria i secund\u00e0ria.<\/p>\n<p>Les c\u00e0psules que ens ofereixen durant els mesos de febrer i mar\u00e7 s\u00f3n les seg\u00fcents:<\/p>\n<p><a href=\"https:\/\/agora.xtec.cat\/escolalavilapalamos\/wp-content\/uploads\/usu897\/2026\/01\/2n-trimestre-25-26_page-0001-scaled.jpg\"><img loading=\"lazy\" decoding=\"async\" class=\" wp-image-16254 alignleft\" src=\"https:\/\/agora.xtec.cat\/escolalavilapalamos\/wp-content\/uploads\/usu897\/2026\/01\/2n-trimestre-25-26_page-0001-212x300.jpg\" alt=\"\" width=\"221\" height=\"313\" srcset=\"https:\/\/agora.xtec.cat\/escolalavilapalamos\/wp-content\/uploads\/usu897\/2026\/01\/2n-trimestre-25-26_page-0001-212x300.jpg 212w, https:\/\/agora.xtec.cat\/escolalavilapalamos\/wp-content\/uploads\/usu897\/2026\/01\/2n-trimestre-25-26_page-0001-724x1024.jpg 724w, https:\/\/agora.xtec.cat\/escolalavilapalamos\/wp-content\/uploads\/usu897\/2026\/01\/2n-trimestre-25-26_page-0001-768x1086.jpg 768w, https:\/\/agora.xtec.cat\/escolalavilapalamos\/wp-content\/uploads\/usu897\/2026\/01\/2n-trimestre-25-26_page-0001-1086x1536.jpg 1086w, https:\/\/agora.xtec.cat\/escolalavilapalamos\/wp-content\/uploads\/usu897\/2026\/01\/2n-trimestre-25-26_page-0001-1448x2048.jpg 1448w, https:\/\/agora.xtec.cat\/escolalavilapalamos\/wp-content\/uploads\/usu897\/2026\/01\/2n-trimestre-25-26_page-0001-scaled.jpg 1810w\" sizes=\"auto, (max-width: 221px) 100vw, 221px\" \/><\/a><\/p>\n<h5>\u00a0 \u00a0Reptes quotidians de l&#8217;adolesc\u00e8ncia.<\/h5>\n<h5>\u00a0 \u00a0Juguem? El joc en fam\u00edlia.<\/h5>\n<p>&nbsp;<\/p>\n<p style=\"font-weight: 400;\"><strong>IMPORTANT:<\/strong><\/p>\n<p>Les inscripcions a les sessions de febrer estaran actives a partir del 13 de gener.<\/p>\n<p>Les inscripcions per les sessions de mar\u00e7 s&#8217;obriran el 15 de febrer.<\/p>\n<p><a href=\"https:\/\/families.dipsalut.cat\/ca\/inscripcions-on-line.html?cid=23772\">ENLLA\u00c7 INSCRIPCIONS<\/a><\/p>\n<p>&nbsp;<\/p>\n<p>Trobareu m\u00e9s informaci\u00f3 a la p\u00e0gina web de Dipsalut, <a href=\"https:\/\/families.dipsalut.cat\/ca\/inici.html\">Programa per a Fam\u00edlies<\/a>.<\/p>\n<p>Us animem a participar-hi!<\/p>\n<p>&nbsp;<\/p>\n","protected":false},"excerpt":{"rendered":"<p>Des de Dipsalut, organisme de Salut P\u00fablica de la Diputaci\u00f3 de Girona, ens presenten les c\u00e0psules en l\u00ednia per aquest segon trimestre.<br \/>\nAquesta activitat s\u2019organitza des del\u00a0<a href=\"https:\/\/families.dipsalut.cat\/ca\/capsules-gener-febrer-marc.html\" data-saferedirecturl=\"https:\/\/www.google.com\/url?q=https:\/\/families.dipsalut.cat\/ca\/capsules-gener-febrer-marc.html&amp;source=gmail&amp;ust=1768314579097000&amp;usg=AOvVaw0YqDvJQCnXzj1Wb-0teZjw\">Programa per a fam\u00edlies<\/a> i va dirigida a pares i mares amb fills i filles escolaritzats a prim\u00e0ria&hellip;  <a href=\"https:\/\/agora.xtec.cat\/escolalavilapalamos\/general\/educar-es-complex-llavors-com-ho-fem\/\" title=\"Read Educar \u00e9s complex, llavors&#8230; Com ho fem?\">Llegeix m\u00e9s\u00bb<\/a><\/p>\n","protected":false},"author":1,"featured_media":0,"comment_status":"open","ping_status":"open","sticky":false,"template":"","format":"standard","meta":{"_bbp_topic_count":0,"_bbp_reply_count":0,"_bbp_total_topic_count":0,"_bbp_total_reply_count":0,"_bbp_voice_count":0,"_bbp_anonymous_reply_count":0,"_bbp_topic_count_hidden":0,"_bbp_reply_count_hidden":0,"_bbp_forum_subforum_count":0,"footnotes":""},"categories":[1,4],"tags":[],"class_list":["post-16252","post","type-post","status-publish","format-standard","hentry","category-general","category-portada"],"post_mailing_queue_ids":[],"_links":{"self":[{"href":"https:\/\/agora.xtec.cat\/escolalavilapalamos\/wp-json\/wp\/v2\/posts\/16252","targetHints":{"allow":["GET"]}}],"collection":[{"href":"https:\/\/agora.xtec.cat\/escolalavilapalamos\/wp-json\/wp\/v2\/posts"}],"about":[{"href":"https:\/\/agora.xtec.cat\/escolalavilapalamos\/wp-json\/wp\/v2\/types\/post"}],"author":[{"embeddable":true,"href":"https:\/\/agora.xtec.cat\/escolalavilapalamos\/wp-json\/wp\/v2\/users\/1"}],"replies":[{"embeddable":true,"href":"https:\/\/agora.xtec.cat\/escolalavilapalamos\/wp-json\/wp\/v2\/comments?post=16252"}],"version-history":[{"count":6,"href":"https:\/\/agora.xtec.cat\/escolalavilapalamos\/wp-json\/wp\/v2\/posts\/16252\/revisions"}],"predecessor-version":[{"id":16273,"href":"https:\/\/agora.xtec.cat\/escolalavilapalamos\/wp-json\/wp\/v2\/posts\/16252\/revisions\/16273"}],"wp:attachment":[{"href":"https:\/\/agora.xtec.cat\/escolalavilapalamos\/wp-json\/wp\/v2\/media?parent=16252"}],"wp:term":[{"taxonomy":"category","embeddable":true,"href":"https:\/\/agora.xtec.cat\/escolalavilapalamos\/wp-json\/wp\/v2\/categories?post=16252"},{"taxonomy":"post_tag","embeddable":true,"href":"https:\/\/agora.xtec.cat\/escolalavilapalamos\/wp-json\/wp\/v2\/tags?post=16252"}],"curies":[{"name":"wp","href":"https:\/\/api.w.org\/{rel}","templated":true}]}}