{"id":16239,"date":"2026-01-09T08:30:46","date_gmt":"2026-01-09T07:30:46","guid":{"rendered":"https:\/\/agora.xtec.cat\/escolalavilapalamos\/?p=16239"},"modified":"2026-01-08T15:50:28","modified_gmt":"2026-01-08T14:50:28","slug":"ens-rentem-les-dents-al-menjador","status":"publish","type":"post","link":"https:\/\/agora.xtec.cat\/escolalavilapalamos\/general\/ens-rentem-les-dents-al-menjador\/","title":{"rendered":"Ens rentem les dents al menjador!"},"content":{"rendered":"<p style=\"text-align: center;\"><a href=\"https:\/\/agora.xtec.cat\/escolalavilapalamos\/wp-content\/uploads\/usu897\/2026\/01\/hand-drawing-of-toothbrush-and-tooth-paste-isolated-on-white-background-K4Y79C.jpg\"><img loading=\"lazy\" decoding=\"async\" class=\"aligncenter wp-image-16240 size-medium\" src=\"https:\/\/agora.xtec.cat\/escolalavilapalamos\/wp-content\/uploads\/usu897\/2026\/01\/hand-drawing-of-toothbrush-and-tooth-paste-isolated-on-white-background-K4Y79C-e1767882731785-300x276.jpg\" alt=\"\" width=\"300\" height=\"276\" srcset=\"https:\/\/agora.xtec.cat\/escolalavilapalamos\/wp-content\/uploads\/usu897\/2026\/01\/hand-drawing-of-toothbrush-and-tooth-paste-isolated-on-white-background-K4Y79C-e1767882731785-300x276.jpg 300w, https:\/\/agora.xtec.cat\/escolalavilapalamos\/wp-content\/uploads\/usu897\/2026\/01\/hand-drawing-of-toothbrush-and-tooth-paste-isolated-on-white-background-K4Y79C-e1767882731785-1024x944.jpg 1024w, https:\/\/agora.xtec.cat\/escolalavilapalamos\/wp-content\/uploads\/usu897\/2026\/01\/hand-drawing-of-toothbrush-and-tooth-paste-isolated-on-white-background-K4Y79C-e1767882731785-768x708.jpg 768w, https:\/\/agora.xtec.cat\/escolalavilapalamos\/wp-content\/uploads\/usu897\/2026\/01\/hand-drawing-of-toothbrush-and-tooth-paste-isolated-on-white-background-K4Y79C-e1767882731785.jpg 1300w\" sizes=\"auto, (max-width: 300px) 100vw, 300px\" \/><\/a><\/p>\n<p>A partir d&#8217;aquest dilluns 12 de gener, dins de l&#8217;espai del menjador, recuperem l&#8217;h\u00e0bit de rentar-nos les dents despr\u00e9s de dinar. Aquesta \u00e9s una proposta acordada a la darrera reuni\u00f3 de la Comissi\u00f3 de menjador, a petici\u00f3 de la representaci\u00f3 de les fam\u00edlies usu\u00e0ries.<\/p>\n<p>La mainada que vulgui rentar-se les dents al menjador, haur\u00e0 de portar un <strong>petit necesser amb un raspall de dents i dent\u00edfric, tot marcat amb el nom, cognoms i curs<\/strong>. El necesser romandr\u00e0 a la motxilla del nen\/a. L&#8217;alumnat d&#8217;I3, I4 i I5 es rentar\u00e0 les dents als lavabos d&#8217;infantil. A prim\u00e0ria utilitzaran les piques que hi ha dins el menjador.<\/p>\n<p>Cada dia agafaran l&#8217;estoig i el tornaran a guardar a la motxilla un cop l&#8217;hagin utilitzat, d&#8217;aquesta manera, les fam\u00edlies podreu anar controlant l&#8217;estat del material i si cal renovar-lo o no.<\/p>\n<p>Agra\u00efm la vostra col\u00b7laboraci\u00f3 i us recordem que \u00e9s una iniciativa volunt\u00e0ria.<\/p>\n<p>&nbsp;<\/p>\n","protected":false},"excerpt":{"rendered":"<p><a href=\"https:\/\/agora.xtec.cat\/escolalavilapalamos\/wp-content\/uploads\/usu897\/2026\/01\/hand-drawing-of-toothbrush-and-tooth-paste-isolated-on-white-background-K4Y79C.jpg\"><\/a><br \/>\nA partir d&#8217;aquest dilluns 12 de gener, dins de l&#8217;espai del menjador, recuperem l&#8217;h\u00e0bit de rentar-nos les dents despr\u00e9s de dinar. Aquesta \u00e9s una proposta acordada a la darrera reuni\u00f3 de la Comissi\u00f3 de menjador, a petici\u00f3 de la representaci\u00f3 de les fam\u00edlies usu\u00e0ries.<br \/>\nLa&hellip;  <a href=\"https:\/\/agora.xtec.cat\/escolalavilapalamos\/general\/ens-rentem-les-dents-al-menjador\/\" title=\"Read Ens rentem les dents al menjador!\">Llegeix m\u00e9s\u00bb<\/a><\/p>\n","protected":false},"author":1,"featured_media":0,"comment_status":"open","ping_status":"open","sticky":false,"template":"","format":"standard","meta":{"_bbp_topic_count":0,"_bbp_reply_count":0,"_bbp_total_topic_count":0,"_bbp_total_reply_count":0,"_bbp_voice_count":0,"_bbp_anonymous_reply_count":0,"_bbp_topic_count_hidden":0,"_bbp_reply_count_hidden":0,"_bbp_forum_subforum_count":0,"footnotes":""},"categories":[1,4],"tags":[],"class_list":["post-16239","post","type-post","status-publish","format-standard","hentry","category-general","category-portada"],"post_mailing_queue_ids":[],"_links":{"self":[{"href":"https:\/\/agora.xtec.cat\/escolalavilapalamos\/wp-json\/wp\/v2\/posts\/16239","targetHints":{"allow":["GET"]}}],"collection":[{"href":"https:\/\/agora.xtec.cat\/escolalavilapalamos\/wp-json\/wp\/v2\/posts"}],"about":[{"href":"https:\/\/agora.xtec.cat\/escolalavilapalamos\/wp-json\/wp\/v2\/types\/post"}],"author":[{"embeddable":true,"href":"https:\/\/agora.xtec.cat\/escolalavilapalamos\/wp-json\/wp\/v2\/users\/1"}],"replies":[{"embeddable":true,"href":"https:\/\/agora.xtec.cat\/escolalavilapalamos\/wp-json\/wp\/v2\/comments?post=16239"}],"version-history":[{"count":6,"href":"https:\/\/agora.xtec.cat\/escolalavilapalamos\/wp-json\/wp\/v2\/posts\/16239\/revisions"}],"predecessor-version":[{"id":16251,"href":"https:\/\/agora.xtec.cat\/escolalavilapalamos\/wp-json\/wp\/v2\/posts\/16239\/revisions\/16251"}],"wp:attachment":[{"href":"https:\/\/agora.xtec.cat\/escolalavilapalamos\/wp-json\/wp\/v2\/media?parent=16239"}],"wp:term":[{"taxonomy":"category","embeddable":true,"href":"https:\/\/agora.xtec.cat\/escolalavilapalamos\/wp-json\/wp\/v2\/categories?post=16239"},{"taxonomy":"post_tag","embeddable":true,"href":"https:\/\/agora.xtec.cat\/escolalavilapalamos\/wp-json\/wp\/v2\/tags?post=16239"}],"curies":[{"name":"wp","href":"https:\/\/api.w.org\/{rel}","templated":true}]}}