{"id":16233,"date":"2025-12-08T12:32:51","date_gmt":"2025-12-08T11:32:51","guid":{"rendered":"https:\/\/agora.xtec.cat\/escolalavilapalamos\/?p=16233"},"modified":"2026-01-08T12:35:17","modified_gmt":"2026-01-08T11:35:17","slug":"vetllades-nadal","status":"publish","type":"post","link":"https:\/\/agora.xtec.cat\/escolalavilapalamos\/general\/vetllades-nadal\/","title":{"rendered":"Vetllades Nadal"},"content":{"rendered":"<p><a href=\"https:\/\/agora.xtec.cat\/escolalavilapalamos\/wp-content\/uploads\/usu897\/2025\/11\/25-26-Programacio-Nadal-.jpg\"><img loading=\"lazy\" decoding=\"async\" class=\"alignleft wp-image-16183\" src=\"https:\/\/agora.xtec.cat\/escolalavilapalamos\/wp-content\/uploads\/usu897\/2025\/11\/25-26-Programacio-Nadal--576x1024.jpg\" alt=\"\" width=\"338\" height=\"600\" srcset=\"https:\/\/agora.xtec.cat\/escolalavilapalamos\/wp-content\/uploads\/usu897\/2025\/11\/25-26-Programacio-Nadal--576x1024.jpg 576w, https:\/\/agora.xtec.cat\/escolalavilapalamos\/wp-content\/uploads\/usu897\/2025\/11\/25-26-Programacio-Nadal--169x300.jpg 169w, https:\/\/agora.xtec.cat\/escolalavilapalamos\/wp-content\/uploads\/usu897\/2025\/11\/25-26-Programacio-Nadal--768x1365.jpg 768w, https:\/\/agora.xtec.cat\/escolalavilapalamos\/wp-content\/uploads\/usu897\/2025\/11\/25-26-Programacio-Nadal--864x1536.jpg 864w, https:\/\/agora.xtec.cat\/escolalavilapalamos\/wp-content\/uploads\/usu897\/2025\/11\/25-26-Programacio-Nadal-.jpg 1080w\" sizes=\"auto, (max-width: 338px) 100vw, 338px\" \/><\/a><\/p>\n<p>&nbsp;<\/p>\n<p>&nbsp;<\/p>\n<p>Ben aviat arriba el Nadal i, com cada any, volem celebrar-ho amb les nostres fam\u00edlies. Enguany les Vetllades de Nadal tindran lloc els dies seg\u00fcents:<\/p>\n<p>&nbsp;<\/p>\n<p><span style=\"text-decoration: underline;\"><em>Dimarts 16 de desembre a les 19h<\/em><\/span>: <strong>VETLLADA DE 3r i 6\u00e8<\/strong><\/p>\n<p><span style=\"text-decoration: underline;\"><em>Dimecres 17 de desembre a les 15h<\/em>:<\/span> <strong>VETLLADA DE PETITS<\/strong><\/p>\n<p><span style=\"text-decoration: underline;\"><em>Dimecres 17 de desembre a les 19h<\/em><\/span>: <strong>VETLLADA DE 2n i 5\u00e8<\/strong><\/p>\n<p><span style=\"text-decoration: underline;\"><em>Dijous 19 de desembre a les 19h<\/em><\/span>: <strong>VETLLADA DE 1r i 4t<\/strong><\/p>\n<p>&nbsp;<\/p>\n<p>Enguany, despr\u00e9s d&#8217;haver actualitzat protocols d&#8217;evacuaci\u00f3 i seguretat del pavell\u00f3, cal controlar-ne l&#8217;aforament. \u00c9s per aquest motiu que cada fam\u00edlia tindr\u00e0 <strong>3 entrades<\/strong> per assistir a les vetllades.<\/p>\n<p>&nbsp;<\/p>\n<p>US HI ESPEREM!<\/p>\n","protected":false},"excerpt":{"rendered":"<p><a href=\"https:\/\/agora.xtec.cat\/escolalavilapalamos\/wp-content\/uploads\/usu897\/2025\/11\/25-26-Programacio-Nadal-.jpg\"><\/a><br \/>\n&nbsp;<br \/>\n&nbsp;<br \/>\nBen aviat arriba el Nadal i, com cada any, volem celebrar-ho amb les nostres fam\u00edlies. Enguany les Vetllades de Nadal tindran lloc els dies seg\u00fcents:<br \/>\n&nbsp;<br \/>\nDimarts 16 de desembre a les 19h: VETLLADA DE 3r i 6\u00e8<br \/>\nDimecres 17 de desembre a les 15h: VETLLADA DE&hellip;  <a href=\"https:\/\/agora.xtec.cat\/escolalavilapalamos\/general\/vetllades-nadal\/\" title=\"Read Vetllades Nadal\">Llegeix m\u00e9s\u00bb<\/a><\/p>\n","protected":false},"author":1,"featured_media":0,"comment_status":"open","ping_status":"open","sticky":false,"template":"","format":"standard","meta":{"_bbp_topic_count":0,"_bbp_reply_count":0,"_bbp_total_topic_count":0,"_bbp_total_reply_count":0,"_bbp_voice_count":0,"_bbp_anonymous_reply_count":0,"_bbp_topic_count_hidden":0,"_bbp_reply_count_hidden":0,"_bbp_forum_subforum_count":0,"footnotes":""},"categories":[1,4],"tags":[],"class_list":["post-16233","post","type-post","status-publish","format-standard","hentry","category-general","category-portada"],"post_mailing_queue_ids":[],"_links":{"self":[{"href":"https:\/\/agora.xtec.cat\/escolalavilapalamos\/wp-json\/wp\/v2\/posts\/16233","targetHints":{"allow":["GET"]}}],"collection":[{"href":"https:\/\/agora.xtec.cat\/escolalavilapalamos\/wp-json\/wp\/v2\/posts"}],"about":[{"href":"https:\/\/agora.xtec.cat\/escolalavilapalamos\/wp-json\/wp\/v2\/types\/post"}],"author":[{"embeddable":true,"href":"https:\/\/agora.xtec.cat\/escolalavilapalamos\/wp-json\/wp\/v2\/users\/1"}],"replies":[{"embeddable":true,"href":"https:\/\/agora.xtec.cat\/escolalavilapalamos\/wp-json\/wp\/v2\/comments?post=16233"}],"version-history":[{"count":2,"href":"https:\/\/agora.xtec.cat\/escolalavilapalamos\/wp-json\/wp\/v2\/posts\/16233\/revisions"}],"predecessor-version":[{"id":16238,"href":"https:\/\/agora.xtec.cat\/escolalavilapalamos\/wp-json\/wp\/v2\/posts\/16233\/revisions\/16238"}],"wp:attachment":[{"href":"https:\/\/agora.xtec.cat\/escolalavilapalamos\/wp-json\/wp\/v2\/media?parent=16233"}],"wp:term":[{"taxonomy":"category","embeddable":true,"href":"https:\/\/agora.xtec.cat\/escolalavilapalamos\/wp-json\/wp\/v2\/categories?post=16233"},{"taxonomy":"post_tag","embeddable":true,"href":"https:\/\/agora.xtec.cat\/escolalavilapalamos\/wp-json\/wp\/v2\/tags?post=16233"}],"curies":[{"name":"wp","href":"https:\/\/api.w.org\/{rel}","templated":true}]}}