{"id":16226,"date":"2026-01-12T08:30:37","date_gmt":"2026-01-12T07:30:37","guid":{"rendered":"https:\/\/agora.xtec.cat\/escolalavilapalamos\/?p=16226"},"modified":"2026-01-15T08:54:20","modified_gmt":"2026-01-15T07:54:20","slug":"revisions-bucodentals-3","status":"publish","type":"post","link":"https:\/\/agora.xtec.cat\/escolalavilapalamos\/general\/revisions-bucodentals-3\/","title":{"rendered":"Revisions bucodentals"},"content":{"rendered":"<p><a href=\"https:\/\/agora.xtec.cat\/escolalavilapalamos\/wp-content\/uploads\/usu897\/2025\/12\/dental-care.jpg\"><img loading=\"lazy\" decoding=\"async\" class=\" wp-image-16227 alignleft\" src=\"https:\/\/agora.xtec.cat\/escolalavilapalamos\/wp-content\/uploads\/usu897\/2025\/12\/dental-care.jpg\" alt=\"\" width=\"471\" height=\"468\" srcset=\"https:\/\/agora.xtec.cat\/escolalavilapalamos\/wp-content\/uploads\/usu897\/2025\/12\/dental-care.jpg 579w, https:\/\/agora.xtec.cat\/escolalavilapalamos\/wp-content\/uploads\/usu897\/2025\/12\/dental-care-300x298.jpg 300w, https:\/\/agora.xtec.cat\/escolalavilapalamos\/wp-content\/uploads\/usu897\/2025\/12\/dental-care-150x150.jpg 150w\" sizes=\"auto, (max-width: 471px) 100vw, 471px\" \/><\/a><\/p>\n<p>Com cada any, aquest segon trimestre es dur\u00e0 a terme el programa de prevenci\u00f3 bucodental a l\u2019escola. Amb la coordinaci\u00f3 del Departament de Salut i del Departament d\u2019Ensenyament, facilitem a les fam\u00edlies la revisi\u00f3 anual bucodental dels seus fills i filles amb la finalitat d\u2019una millor prevenci\u00f3 i detecci\u00f3 de possibles problemes a curt, mitj\u00e0 i llarg termini.<\/p>\n<p>Enguany es faran revisions als seg\u00fcents cursos:<\/p>\n<p><strong>\u2013 6\u00e8: <span style=\"text-decoration: underline;\">ATENCI\u00d3<\/span>: Nova data dimarts 5 de maig<\/strong><\/p>\n<p><strong>\u2013 1r: dimarts 27 de gener<\/strong><\/p>\n<p><strong>\u2013 I4: dimarts 3 de mar\u00e7<\/strong><\/p>\n<p>Les fam\u00edlies d&#8217;aquests nivells, rebreu una autoritzaci\u00f3 que cal que retorneu a l\u2019escola el m\u00e9s aviat possible.<\/p>\n<p><a href=\"https:\/\/drive.google.com\/file\/d\/1134-taYgB42ZApCPanZXgZlc6D5ibUjs\/view?usp=sharing\">Carta informativa revisions bucodentals<\/a><\/p>\n<p><a href=\"https:\/\/drive.google.com\/file\/d\/1JujC2yg1O2DWTV35rwetKcxg1I3Zw1vQ\/view?usp=sharing\">Autoritzaci\u00f3 revisions bucodentals<\/a><\/p>\n","protected":false},"excerpt":{"rendered":"<p><a href=\"https:\/\/agora.xtec.cat\/escolalavilapalamos\/wp-content\/uploads\/usu897\/2025\/12\/dental-care.jpg\"><\/a><br \/>\nCom cada any, aquest segon trimestre es dur\u00e0 a terme el programa de prevenci\u00f3 bucodental a l\u2019escola. Amb la coordinaci\u00f3 del Departament de Salut i del Departament d\u2019Ensenyament, facilitem a les fam\u00edlies la revisi\u00f3 anual bucodental dels seus fills i filles amb la finalitat&hellip;  <a href=\"https:\/\/agora.xtec.cat\/escolalavilapalamos\/general\/revisions-bucodentals-3\/\" title=\"Read Revisions bucodentals\">Llegeix m\u00e9s\u00bb<\/a><\/p>\n","protected":false},"author":1,"featured_media":0,"comment_status":"open","ping_status":"open","sticky":false,"template":"","format":"standard","meta":{"_bbp_topic_count":0,"_bbp_reply_count":0,"_bbp_total_topic_count":0,"_bbp_total_reply_count":0,"_bbp_voice_count":0,"_bbp_anonymous_reply_count":0,"_bbp_topic_count_hidden":0,"_bbp_reply_count_hidden":0,"_bbp_forum_subforum_count":0,"footnotes":""},"categories":[1,4],"tags":[],"class_list":["post-16226","post","type-post","status-publish","format-standard","hentry","category-general","category-portada"],"post_mailing_queue_ids":[],"_links":{"self":[{"href":"https:\/\/agora.xtec.cat\/escolalavilapalamos\/wp-json\/wp\/v2\/posts\/16226","targetHints":{"allow":["GET"]}}],"collection":[{"href":"https:\/\/agora.xtec.cat\/escolalavilapalamos\/wp-json\/wp\/v2\/posts"}],"about":[{"href":"https:\/\/agora.xtec.cat\/escolalavilapalamos\/wp-json\/wp\/v2\/types\/post"}],"author":[{"embeddable":true,"href":"https:\/\/agora.xtec.cat\/escolalavilapalamos\/wp-json\/wp\/v2\/users\/1"}],"replies":[{"embeddable":true,"href":"https:\/\/agora.xtec.cat\/escolalavilapalamos\/wp-json\/wp\/v2\/comments?post=16226"}],"version-history":[{"count":6,"href":"https:\/\/agora.xtec.cat\/escolalavilapalamos\/wp-json\/wp\/v2\/posts\/16226\/revisions"}],"predecessor-version":[{"id":16284,"href":"https:\/\/agora.xtec.cat\/escolalavilapalamos\/wp-json\/wp\/v2\/posts\/16226\/revisions\/16284"}],"wp:attachment":[{"href":"https:\/\/agora.xtec.cat\/escolalavilapalamos\/wp-json\/wp\/v2\/media?parent=16226"}],"wp:term":[{"taxonomy":"category","embeddable":true,"href":"https:\/\/agora.xtec.cat\/escolalavilapalamos\/wp-json\/wp\/v2\/categories?post=16226"},{"taxonomy":"post_tag","embeddable":true,"href":"https:\/\/agora.xtec.cat\/escolalavilapalamos\/wp-json\/wp\/v2\/tags?post=16226"}],"curies":[{"name":"wp","href":"https:\/\/api.w.org\/{rel}","templated":true}]}}