{"id":16215,"date":"2025-12-10T11:06:00","date_gmt":"2025-12-10T10:06:00","guid":{"rendered":"https:\/\/agora.xtec.cat\/escolalavilapalamos\/?p=16215"},"modified":"2025-12-10T11:07:51","modified_gmt":"2025-12-10T10:07:51","slug":"un-himne-amb-ritme-a-4t","status":"publish","type":"post","link":"https:\/\/agora.xtec.cat\/escolalavilapalamos\/general\/un-himne-amb-ritme-a-4t\/","title":{"rendered":"Un himne amb ritme a 4t"},"content":{"rendered":"<p data-start=\"70\" data-end=\"231\">Aquest trimestre, les classes de 4t han preparat un himne en angl\u00e8s. La mestra d\u2019angl\u00e8s va donar la lletra i la mestra de m\u00fasica va coordinar la percussi\u00f3 corporal.<\/p>\n<p data-start=\"233\" data-end=\"476\">Durant les classes d\u2019angl\u00e8s van aprendre i memoritzar la lletra, i a m\u00fasica, en petits grups, van fer ritmes amb el cos per acompanyar el cant. Ha estat una activitat molt agradable: han practicat angl\u00e8s, han fet m\u00fasica i s\u2019han divertit junts.<\/p>\n<p data-start=\"478\" data-end=\"536\">Enhorabona a tot 4t per la seva participaci\u00f3 i entusiasme!<\/p>\n<p data-start=\"478\" data-end=\"536\">Podeu veure els videos accedint <a href=\"https:\/\/drive.google.com\/drive\/folders\/12wmf8o6ICqkWrszBIKwp8gJ43n4aTVdi?usp=drive_link\">aqu\u00ed<\/a><\/p>\n","protected":false},"excerpt":{"rendered":"<p>Aquest trimestre, les classes de 4t han preparat un himne en angl\u00e8s. La mestra d\u2019angl\u00e8s va donar la lletra i la mestra de m\u00fasica va coordinar la percussi\u00f3 corporal.<br \/>\nDurant les classes d\u2019angl\u00e8s van aprendre i memoritzar la lletra, i a m\u00fasica, en petits grups, van&hellip;  <a href=\"https:\/\/agora.xtec.cat\/escolalavilapalamos\/general\/un-himne-amb-ritme-a-4t\/\" title=\"Read Un himne amb ritme a 4t\">Llegeix m\u00e9s\u00bb<\/a><\/p>\n","protected":false},"author":132,"featured_media":0,"comment_status":"open","ping_status":"open","sticky":false,"template":"","format":"standard","meta":{"_bbp_topic_count":0,"_bbp_reply_count":0,"_bbp_total_topic_count":0,"_bbp_total_reply_count":0,"_bbp_voice_count":0,"_bbp_anonymous_reply_count":0,"_bbp_topic_count_hidden":0,"_bbp_reply_count_hidden":0,"_bbp_forum_subforum_count":0,"footnotes":""},"categories":[128,67,1,4],"tags":[],"class_list":["post-16215","post","type-post","status-publish","format-standard","hentry","category-comunitat-de-grans","category-especialistes","category-general","category-portada"],"post_mailing_queue_ids":[],"_links":{"self":[{"href":"https:\/\/agora.xtec.cat\/escolalavilapalamos\/wp-json\/wp\/v2\/posts\/16215","targetHints":{"allow":["GET"]}}],"collection":[{"href":"https:\/\/agora.xtec.cat\/escolalavilapalamos\/wp-json\/wp\/v2\/posts"}],"about":[{"href":"https:\/\/agora.xtec.cat\/escolalavilapalamos\/wp-json\/wp\/v2\/types\/post"}],"author":[{"embeddable":true,"href":"https:\/\/agora.xtec.cat\/escolalavilapalamos\/wp-json\/wp\/v2\/users\/132"}],"replies":[{"embeddable":true,"href":"https:\/\/agora.xtec.cat\/escolalavilapalamos\/wp-json\/wp\/v2\/comments?post=16215"}],"version-history":[{"count":3,"href":"https:\/\/agora.xtec.cat\/escolalavilapalamos\/wp-json\/wp\/v2\/posts\/16215\/revisions"}],"predecessor-version":[{"id":16221,"href":"https:\/\/agora.xtec.cat\/escolalavilapalamos\/wp-json\/wp\/v2\/posts\/16215\/revisions\/16221"}],"wp:attachment":[{"href":"https:\/\/agora.xtec.cat\/escolalavilapalamos\/wp-json\/wp\/v2\/media?parent=16215"}],"wp:term":[{"taxonomy":"category","embeddable":true,"href":"https:\/\/agora.xtec.cat\/escolalavilapalamos\/wp-json\/wp\/v2\/categories?post=16215"},{"taxonomy":"post_tag","embeddable":true,"href":"https:\/\/agora.xtec.cat\/escolalavilapalamos\/wp-json\/wp\/v2\/tags?post=16215"}],"curies":[{"name":"wp","href":"https:\/\/api.w.org\/{rel}","templated":true}]}}