{"id":16208,"date":"2025-12-01T14:32:31","date_gmt":"2025-12-01T13:32:31","guid":{"rendered":"https:\/\/agora.xtec.cat\/escolalavilapalamos\/?p=16208"},"modified":"2025-12-01T14:32:31","modified_gmt":"2025-12-01T13:32:31","slug":"robots-en-accio-a-4t","status":"publish","type":"post","link":"https:\/\/agora.xtec.cat\/escolalavilapalamos\/general\/robots-en-accio-a-4t\/","title":{"rendered":"&#8220;Robots en acci\u00f3!&#8221; a 4t"},"content":{"rendered":"<p data-start=\"131\" data-end=\"397\">A l\u2019escola estem immersos en un projecte molt especial: Robots en acci\u00f3. Es tracta d\u2019una proposta on, a trav\u00e9s de diferents reptes, els alumnes poden aprendre, crear, experimentar i desenvolupar el pensament computacional d\u2019una manera vivencial i motivadora.<\/p>\n<p data-start=\"399\" data-end=\"648\">Fa poquet hem completat el primer repte, i\u2026 ha estat tot un \u00e8xit! Els nens i nenes han descobert noves funcions dels robots, han col\u00b7laborat en equip buscant solucions creatives i, sobretot, s\u2019ho han passat d\u2019all\u00f2 m\u00e9s b\u00e9 mentre aprenien.<\/p>\n<p data-start=\"650\" data-end=\"863\">Cada equip ha hagut de planificar, provar, equivocar-se, ajustar i tornar a provar \u2014com fan els veritables enginyers\u2014 fins aconseguir que les seves construccions funcionessin. La satisfacci\u00f3 final ha estat enorme!<\/p>\n<p data-start=\"865\" data-end=\"1055\">I ara que aquest primer repte ja \u00e9s a la butxaca, estem plens d\u2019energia i il\u00b7lusi\u00f3 per continuar amb els seg\u00fcents. La rob\u00f2tica ens obre un munt de possibilitats\u2026 i aix\u00f2 tot just comen\u00e7a!<\/p>\n<p data-start=\"1057\" data-end=\"1095\">Voleu veure qu\u00e8 hem constru\u00eft?<\/p>\n<p data-start=\"1057\" data-end=\"1095\">Clica al v\u00eddeo per veure el resultat.<\/p>\n<p><iframe loading=\"lazy\" title=\"Robots en acci\u00f3 T2 repte 1. Escola la Vila Palam\u00f3s\" width=\"500\" height=\"281\" src=\"https:\/\/www.youtube.com\/embed\/gf-euSsvgeo?feature=oembed\" frameborder=\"0\" allow=\"accelerometer; autoplay; clipboard-write; encrypted-media; gyroscope; picture-in-picture; web-share\" referrerpolicy=\"strict-origin-when-cross-origin\" allowfullscreen><\/iframe><\/p>\n<p data-start=\"1057\" data-end=\"1095\">Recordeu que a l&#8217;\u00e0lbum de fotos de la Unitat Compartida de 4t, podreu veure m\u00e9s fotografies.<\/p>\n<p data-start=\"1057\" data-end=\"1095\">\n","protected":false},"excerpt":{"rendered":"<p>A l\u2019escola estem immersos en un projecte molt especial: Robots en acci\u00f3. Es tracta d\u2019una proposta on, a trav\u00e9s de diferents reptes, els alumnes poden aprendre, crear, experimentar i desenvolupar el pensament computacional d\u2019una manera vivencial i motivadora.<br \/>\nFa poquet hem completat el primer repte, i\u2026&hellip;  <a href=\"https:\/\/agora.xtec.cat\/escolalavilapalamos\/general\/robots-en-accio-a-4t\/\" title=\"Read &#8220;Robots en acci\u00f3!&#8221; a 4t\">Llegeix m\u00e9s\u00bb<\/a><\/p>\n","protected":false},"author":132,"featured_media":16211,"comment_status":"closed","ping_status":"closed","sticky":false,"template":"","format":"standard","meta":{"_bbp_topic_count":0,"_bbp_reply_count":0,"_bbp_total_topic_count":0,"_bbp_total_reply_count":0,"_bbp_voice_count":0,"_bbp_anonymous_reply_count":0,"_bbp_topic_count_hidden":0,"_bbp_reply_count_hidden":0,"_bbp_forum_subforum_count":0,"footnotes":""},"categories":[128,1,4,5],"tags":[],"class_list":["post-16208","post","type-post","status-publish","format-standard","has-post-thumbnail","hentry","category-comunitat-de-grans","category-general","category-portada","category-primaria"],"post_mailing_queue_ids":[],"_links":{"self":[{"href":"https:\/\/agora.xtec.cat\/escolalavilapalamos\/wp-json\/wp\/v2\/posts\/16208","targetHints":{"allow":["GET"]}}],"collection":[{"href":"https:\/\/agora.xtec.cat\/escolalavilapalamos\/wp-json\/wp\/v2\/posts"}],"about":[{"href":"https:\/\/agora.xtec.cat\/escolalavilapalamos\/wp-json\/wp\/v2\/types\/post"}],"author":[{"embeddable":true,"href":"https:\/\/agora.xtec.cat\/escolalavilapalamos\/wp-json\/wp\/v2\/users\/132"}],"replies":[{"embeddable":true,"href":"https:\/\/agora.xtec.cat\/escolalavilapalamos\/wp-json\/wp\/v2\/comments?post=16208"}],"version-history":[{"count":2,"href":"https:\/\/agora.xtec.cat\/escolalavilapalamos\/wp-json\/wp\/v2\/posts\/16208\/revisions"}],"predecessor-version":[{"id":16210,"href":"https:\/\/agora.xtec.cat\/escolalavilapalamos\/wp-json\/wp\/v2\/posts\/16208\/revisions\/16210"}],"wp:featuredmedia":[{"embeddable":true,"href":"https:\/\/agora.xtec.cat\/escolalavilapalamos\/wp-json\/wp\/v2\/media\/16211"}],"wp:attachment":[{"href":"https:\/\/agora.xtec.cat\/escolalavilapalamos\/wp-json\/wp\/v2\/media?parent=16208"}],"wp:term":[{"taxonomy":"category","embeddable":true,"href":"https:\/\/agora.xtec.cat\/escolalavilapalamos\/wp-json\/wp\/v2\/categories?post=16208"},{"taxonomy":"post_tag","embeddable":true,"href":"https:\/\/agora.xtec.cat\/escolalavilapalamos\/wp-json\/wp\/v2\/tags?post=16208"}],"curies":[{"name":"wp","href":"https:\/\/api.w.org\/{rel}","templated":true}]}}